{"id":16608,"date":"2023-11-06T11:08:21","date_gmt":"2023-11-06T14:08:21","guid":{"rendered":"https:\/\/radiostudiow.com.br\/site\/?p=16608"},"modified":"2025-01-31T15:02:34","modified_gmt":"2025-01-31T18:02:34","slug":"queda-de-barreira-interdita-totalmente-a-rodovia-pr-446-em-porto-vitoria","status":"publish","type":"post","link":"https:\/\/radiostudiow.com.br\/site\/2023\/11\/06\/queda-de-barreira-interdita-totalmente-a-rodovia-pr-446-em-porto-vitoria\/","title":{"rendered":"QUEDA DE BARREIRA INTERDITA TOTALMENTE A RODOVIA PR-446 EM PORTO VIT\u00d3RIA"},"content":{"rendered":"\n<p>Uma queda de barreira interditou a rodovia PR-446 que d\u00e1 acesso \u00e0 cidade de Porto Vit\u00f3ria. Um morro na regi\u00e3o da ressaca, tamb\u00e9m conhecido como trecho da pedra branca desmorono bloqueando totalmente a rodovia.<\/p>\n\n\n\n<p>O desastre aconteceu na noite de sexta-feira, 03 de novembro, onde a princ\u00edpio n\u00e3o deixou nenhuma pessoa ferida. A queda da barreira deixou o trecho extremamente perigoso e tamb\u00e9m isolou o munic\u00edpio da regi\u00e3o.<\/p>\n\n\n\n<figure class=\"wp-block-image size-full\"><img decoding=\"async\" src=\"https:\/\/radiostudiow.com.br\/site\/wp-content\/uploads\/2023\/10\/SITE-GRANDE5.png\" alt=\"\" class=\"wp-image-16372\"\/><\/figure>\n\n\n\n<p>A Prefeitura Municipal de Porto Vit\u00f3ria j\u00e1 est\u00e1 mobilizada na tentativa de amenizar os transtornos e j\u00e1 fez contato com o Departamento de Estradas e Rodagens \u2013 DER. A Pol\u00edcia Rodovi\u00e1ria Estadual \u2013 PRE tamb\u00e9m foi acionada para sinalizar o local.<\/p>\n\n\n\n<p>A orienta\u00e7\u00e3o para este momento \u00e9 para que motorista evitem utilizar o trecho, at\u00e9 porque a passagem est\u00e1 obstru\u00edda.<\/p>\n","protected":false},"excerpt":{"rendered":"<p>Uma queda de barreira interditou a rodovia PR-446 que d\u00e1 acesso \u00e0 cidade de Porto Vit\u00f3ria. Um morro na regi\u00e3o da ressaca, tamb\u00e9m conhecido como trecho da pedra branca desmorono bloqueando totalmente a rodovia. O desastre aconteceu na noite de sexta-feira, 03 de novembro, onde a princ\u00edpio n\u00e3o deixou nenhuma pessoa ferida. A queda da [&hellip;]<\/p>\n","protected":false},"author":2,"featured_media":16609,"comment_status":"open","ping_status":"open","sticky":false,"template":"","format":"standard","meta":{"footnotes":""},"categories":[185],"tags":[172],"class_list":["post-16608","post","type-post","status-publish","format-standard","has-post-thumbnail","hentry","category-regional","tag-featured"],"amp_enabled":true,"_links":{"self":[{"href":"https:\/\/radiostudiow.com.br\/site\/wp-json\/wp\/v2\/posts\/16608","targetHints":{"allow":["GET"]}}],"collection":[{"href":"https:\/\/radiostudiow.com.br\/site\/wp-json\/wp\/v2\/posts"}],"about":[{"href":"https:\/\/radiostudiow.com.br\/site\/wp-json\/wp\/v2\/types\/post"}],"author":[{"embeddable":true,"href":"https:\/\/radiostudiow.com.br\/site\/wp-json\/wp\/v2\/users\/2"}],"replies":[{"embeddable":true,"href":"https:\/\/radiostudiow.com.br\/site\/wp-json\/wp\/v2\/comments?post=16608"}],"version-history":[{"count":2,"href":"https:\/\/radiostudiow.com.br\/site\/wp-json\/wp\/v2\/posts\/16608\/revisions"}],"predecessor-version":[{"id":16612,"href":"https:\/\/radiostudiow.com.br\/site\/wp-json\/wp\/v2\/posts\/16608\/revisions\/16612"}],"wp:featuredmedia":[{"embeddable":true,"href":"https:\/\/radiostudiow.com.br\/site\/wp-json\/wp\/v2\/media\/16609"}],"wp:attachment":[{"href":"https:\/\/radiostudiow.com.br\/site\/wp-json\/wp\/v2\/media?parent=16608"}],"wp:term":[{"taxonomy":"category","embeddable":true,"href":"https:\/\/radiostudiow.com.br\/site\/wp-json\/wp\/v2\/categories?post=16608"},{"taxonomy":"post_tag","embeddable":true,"href":"https:\/\/radiostudiow.com.br\/site\/wp-json\/wp\/v2\/tags?post=16608"}],"curies":[{"name":"wp","href":"https:\/\/api.w.org\/{rel}","templated":true}]}}