{"id":16637,"date":"2023-11-06T21:20:35","date_gmt":"2023-11-07T00:20:35","guid":{"rendered":"https:\/\/radiostudiow.com.br\/site\/?p=16637"},"modified":"2025-01-31T15:02:34","modified_gmt":"2025-01-31T18:02:34","slug":"homem-sofre-ferimentos-graves-ao-se-acidentar-no-trabalho","status":"publish","type":"post","link":"https:\/\/radiostudiow.com.br\/site\/2023\/11\/06\/homem-sofre-ferimentos-graves-ao-se-acidentar-no-trabalho\/","title":{"rendered":"HOMEM SOFRE FERIMENTOS GRAVES AO SE ACIDENTAR NO TRABALHO"},"content":{"rendered":"\n<p>Um trabalhador de 35 anos foi atendido pelo Corpo de Bombeiros de S\u00e3o Mateus do Sul com ferimentos graves na regi\u00e3o do bra\u00e7o por volta das 14:25 horas desta segunda-feira (6).<\/p>\n\n\n\n<figure class=\"wp-block-image size-full\"><img decoding=\"async\" src=\"https:\/\/radiostudiow.com.br\/site\/wp-content\/uploads\/2023\/10\/SITE-MEDIO2.png\" alt=\"\" class=\"wp-image-16334\"\/><\/figure>\n\n\n\n<p>A corpora\u00e7\u00e3o dos Bombeiros foi acionada para o atendimento em uma empresa de cer\u00e2mica. No local, o trabalhador j\u00e1 havia sido retirado da m\u00e1quina em que estava trabalhando pela equipe de brigada da pr\u00f3pria empresa.<\/p>\n\n\n\n<p>Os socorristas do Siate realizaram tamb\u00e9m o atendimento a v\u00edtima que foi encaminhada ao Pronto Atendimento Municipal, seguindo para o Hospital Doutor Paulo Fortes.<\/p>\n","protected":false},"excerpt":{"rendered":"<p>Um trabalhador de 35 anos foi atendido pelo Corpo de Bombeiros de S\u00e3o Mateus do Sul com ferimentos graves na regi\u00e3o do bra\u00e7o por volta das 14:25 horas desta segunda-feira (6). A corpora\u00e7\u00e3o dos Bombeiros foi acionada para o atendimento em uma empresa de cer\u00e2mica. No local, o trabalhador j\u00e1 havia sido retirado da m\u00e1quina [&hellip;]<\/p>\n","protected":false},"author":2,"featured_media":16638,"comment_status":"open","ping_status":"open","sticky":false,"template":"","format":"standard","meta":{"footnotes":""},"categories":[7,185],"tags":[172],"class_list":["post-16637","post","type-post","status-publish","format-standard","has-post-thumbnail","hentry","category-geral","category-regional","tag-featured"],"amp_enabled":true,"_links":{"self":[{"href":"https:\/\/radiostudiow.com.br\/site\/wp-json\/wp\/v2\/posts\/16637","targetHints":{"allow":["GET"]}}],"collection":[{"href":"https:\/\/radiostudiow.com.br\/site\/wp-json\/wp\/v2\/posts"}],"about":[{"href":"https:\/\/radiostudiow.com.br\/site\/wp-json\/wp\/v2\/types\/post"}],"author":[{"embeddable":true,"href":"https:\/\/radiostudiow.com.br\/site\/wp-json\/wp\/v2\/users\/2"}],"replies":[{"embeddable":true,"href":"https:\/\/radiostudiow.com.br\/site\/wp-json\/wp\/v2\/comments?post=16637"}],"version-history":[{"count":3,"href":"https:\/\/radiostudiow.com.br\/site\/wp-json\/wp\/v2\/posts\/16637\/revisions"}],"predecessor-version":[{"id":16646,"href":"https:\/\/radiostudiow.com.br\/site\/wp-json\/wp\/v2\/posts\/16637\/revisions\/16646"}],"wp:featuredmedia":[{"embeddable":true,"href":"https:\/\/radiostudiow.com.br\/site\/wp-json\/wp\/v2\/media\/16638"}],"wp:attachment":[{"href":"https:\/\/radiostudiow.com.br\/site\/wp-json\/wp\/v2\/media?parent=16637"}],"wp:term":[{"taxonomy":"category","embeddable":true,"href":"https:\/\/radiostudiow.com.br\/site\/wp-json\/wp\/v2\/categories?post=16637"},{"taxonomy":"post_tag","embeddable":true,"href":"https:\/\/radiostudiow.com.br\/site\/wp-json\/wp\/v2\/tags?post=16637"}],"curies":[{"name":"wp","href":"https:\/\/api.w.org\/{rel}","templated":true}]}}