{"id":16668,"date":"2023-11-07T18:57:35","date_gmt":"2023-11-07T21:57:35","guid":{"rendered":"https:\/\/radiostudiow.com.br\/site\/?p=16668"},"modified":"2025-01-31T15:02:34","modified_gmt":"2025-01-31T18:02:34","slug":"homem-e-autuado-em-mais-de-r-35-mil-em-multas-ambientais-em-sao-mateus-do-sul","status":"publish","type":"post","link":"https:\/\/radiostudiow.com.br\/site\/2023\/11\/07\/homem-e-autuado-em-mais-de-r-35-mil-em-multas-ambientais-em-sao-mateus-do-sul\/","title":{"rendered":"HOMEM \u00c9 AUTUADO EM MAIS DE R$ 35 MIL EM MULTAS AMBIENTAIS EM S\u00c3O MATEUS DO SUL"},"content":{"rendered":"\n<p>Na semana passada, a Pol\u00edcia Ambiental realizou uma opera\u00e7\u00e3o essencial para a preserva\u00e7\u00e3o do meio ambiente e a conscientiza\u00e7\u00e3o sobre o uso sustent\u00e1vel dos recursos naturais em S\u00e3o Mateus do Sul. Em uma propriedade localizada na regi\u00e3o de \u00c1gua Branca, as autoridades constataram uma a\u00e7\u00e3o criminosa de desmate de vegeta\u00e7\u00e3o nativa, envolvendo o corte e a supress\u00e3o de uma \u00e1rea de 4,31 hectares, juntamente com a extra\u00e7\u00e3o de 26,20 metros c\u00fabicos de lenha nativa, tudo isso sem autoriza\u00e7\u00e3o do \u00f3rg\u00e3o ambiental competente.<\/p>\n\n\n\n<figure class=\"wp-block-image size-full\"><img decoding=\"async\" src=\"https:\/\/radiostudiow.com.br\/site\/wp-content\/uploads\/2023\/10\/SITE-GRANDE-1.png\" alt=\"\" class=\"wp-image-16374\"\/><\/figure>\n\n\n\n<p>O propriet\u00e1rio do local foi autuado com uma multa no valor de R$ 35.000,00, como consequ\u00eancia de sua participa\u00e7\u00e3o na destrui\u00e7\u00e3o da vegeta\u00e7\u00e3o nativa, um recurso vital para o equil\u00edbrio ecol\u00f3gico da regi\u00e3o. Al\u00e9m da penaliza\u00e7\u00e3o financeira, o propriet\u00e1rio tamb\u00e9m responder\u00e1 criminalmente pelos danos causados ao meio ambiente, destacando a seriedade do crime.<\/p>\n\n\n\n<h2 class=\"wp-block-heading\"><strong>Doa\u00e7\u00e3o de Lenha para o CONSEG<\/strong><\/h2>\n\n\n\n<p>No entanto, essa a\u00e7\u00e3o policial n\u00e3o se limitou a puni\u00e7\u00f5es. Uma parte do material lenhoso encontrado na \u00e1rea, que representava uma consider\u00e1vel quantidade de lenha nativa, foi destinada a uma finalidade construtiva. A lenha foi doada ao Conselho Comunit\u00e1rio de Seguran\u00e7a (CONSEG) do munic\u00edpio, o que proporciona uma solu\u00e7\u00e3o positiva para um problema ambiental.<\/p>\n\n\n\n<figure class=\"wp-block-image size-full\"><img loading=\"lazy\" decoding=\"async\" width=\"598\" height=\"204\" src=\"https:\/\/radiostudiow.com.br\/site\/wp-content\/uploads\/2023\/10\/SITE-MEDIO.png\" alt=\"\" class=\"wp-image-16319\" srcset=\"https:\/\/radiostudiow.com.br\/site\/wp-content\/uploads\/2023\/10\/SITE-MEDIO.png 598w, https:\/\/radiostudiow.com.br\/site\/wp-content\/uploads\/2023\/10\/SITE-MEDIO-300x102.png 300w\" sizes=\"auto, (max-width: 598px) 100vw, 598px\" \/><\/figure>\n\n\n\n<p>\u201cEssa iniciativa demonstra o compromisso da Pol\u00edcia Ambiental em n\u00e3o apenas coibir pr\u00e1ticas prejudiciais ao meio ambiente, mas tamb\u00e9m em direcionar recursos apreendidos para o bem-estar da comunidade. O CONSEG do munic\u00edpio ser\u00e1 beneficiado com a lenha, que poder\u00e1 ser utilizada de maneira eficaz e respons\u00e1vel, beneficiando a comunidade de S\u00e3o Mateus do Sul\u201d, destaca a Pol\u00edcia Ambiental.<\/p>\n\n\n\n<p>Essas a\u00e7\u00f5es refor\u00e7am a import\u00e2ncia da preserva\u00e7\u00e3o ambiental e da responsabilidade de todos em rela\u00e7\u00e3o ao uso consciente dos recursos naturais. A comunidade de S\u00e3o Mateus do Sul pode contar com a dedica\u00e7\u00e3o das autoridades para garantir um ambiente saud\u00e1vel e sustent\u00e1vel para as gera\u00e7\u00f5es futuras.\u00a0<\/p>\n","protected":false},"excerpt":{"rendered":"<p>Na semana passada, a Pol\u00edcia Ambiental realizou uma opera\u00e7\u00e3o essencial para a preserva\u00e7\u00e3o do meio ambiente e a conscientiza\u00e7\u00e3o sobre o uso sustent\u00e1vel dos recursos naturais em S\u00e3o Mateus do Sul. Em uma propriedade localizada na regi\u00e3o de \u00c1gua Branca, as autoridades constataram uma a\u00e7\u00e3o criminosa de desmate de vegeta\u00e7\u00e3o nativa, envolvendo o corte e [&hellip;]<\/p>\n","protected":false},"author":2,"featured_media":16669,"comment_status":"open","ping_status":"open","sticky":false,"template":"","format":"standard","meta":{"footnotes":""},"categories":[185],"tags":[172],"class_list":["post-16668","post","type-post","status-publish","format-standard","has-post-thumbnail","hentry","category-regional","tag-featured"],"amp_enabled":true,"_links":{"self":[{"href":"https:\/\/radiostudiow.com.br\/site\/wp-json\/wp\/v2\/posts\/16668","targetHints":{"allow":["GET"]}}],"collection":[{"href":"https:\/\/radiostudiow.com.br\/site\/wp-json\/wp\/v2\/posts"}],"about":[{"href":"https:\/\/radiostudiow.com.br\/site\/wp-json\/wp\/v2\/types\/post"}],"author":[{"embeddable":true,"href":"https:\/\/radiostudiow.com.br\/site\/wp-json\/wp\/v2\/users\/2"}],"replies":[{"embeddable":true,"href":"https:\/\/radiostudiow.com.br\/site\/wp-json\/wp\/v2\/comments?post=16668"}],"version-history":[{"count":1,"href":"https:\/\/radiostudiow.com.br\/site\/wp-json\/wp\/v2\/posts\/16668\/revisions"}],"predecessor-version":[{"id":16670,"href":"https:\/\/radiostudiow.com.br\/site\/wp-json\/wp\/v2\/posts\/16668\/revisions\/16670"}],"wp:featuredmedia":[{"embeddable":true,"href":"https:\/\/radiostudiow.com.br\/site\/wp-json\/wp\/v2\/media\/16669"}],"wp:attachment":[{"href":"https:\/\/radiostudiow.com.br\/site\/wp-json\/wp\/v2\/media?parent=16668"}],"wp:term":[{"taxonomy":"category","embeddable":true,"href":"https:\/\/radiostudiow.com.br\/site\/wp-json\/wp\/v2\/categories?post=16668"},{"taxonomy":"post_tag","embeddable":true,"href":"https:\/\/radiostudiow.com.br\/site\/wp-json\/wp\/v2\/tags?post=16668"}],"curies":[{"name":"wp","href":"https:\/\/api.w.org\/{rel}","templated":true}]}}