{"id":16688,"date":"2023-11-08T20:44:32","date_gmt":"2023-11-08T23:44:32","guid":{"rendered":"https:\/\/radiostudiow.com.br\/site\/?p=16688"},"modified":"2025-01-31T15:02:34","modified_gmt":"2025-01-31T18:02:34","slug":"vitima-de-gravissimo-acidente-em-palmeira-era-de-irati","status":"publish","type":"post","link":"https:\/\/radiostudiow.com.br\/site\/2023\/11\/08\/vitima-de-gravissimo-acidente-em-palmeira-era-de-irati\/","title":{"rendered":"V\u00cdTIMA DE GRAV\u00cdSSIMO ACIDENTE EM PALMEIRA ERA DE IRATI"},"content":{"rendered":"\n<p>Everton Passos, de 41 anos, \u00e9 a v\u00edtima do grav\u00edssimo acidente registrado na \u00faltima ter\u00e7a-feira (7), na BR-277, no munic\u00edpio de\u00a0Palmeira. Ele era natural de Irati, nos Campos Gerais e morava atualmente em Curitiba. Ele deixa dois filhos, ambos de seis anos. A colis\u00e3o aconteceu no km 164 e envolveu dois ve\u00edculos \u2013 um deles teria explodido ap\u00f3s o acidente.<\/p>\n\n\n\n<figure class=\"wp-block-image size-full\"><img loading=\"lazy\" decoding=\"async\" width=\"897\" height=\"204\" src=\"https:\/\/radiostudiow.com.br\/site\/wp-content\/uploads\/2023\/10\/SITE-GRANDE3.png\" alt=\"\" class=\"wp-image-16341\" srcset=\"https:\/\/radiostudiow.com.br\/site\/wp-content\/uploads\/2023\/10\/SITE-GRANDE3.png 897w, https:\/\/radiostudiow.com.br\/site\/wp-content\/uploads\/2023\/10\/SITE-GRANDE3-300x68.png 300w, https:\/\/radiostudiow.com.br\/site\/wp-content\/uploads\/2023\/10\/SITE-GRANDE3-768x175.png 768w\" sizes=\"auto, (max-width: 897px) 100vw, 897px\" \/><\/figure>\n\n\n\n<p>Segundo informa\u00e7\u00f5es do\u00a0Servi\u00e7o Funer\u00e1rio, o vel\u00f3rio est\u00e1 acontecendo na Igreja Batista, de Irati<\/p>\n\n\n\n<p>A grav\u00edssima colis\u00e3o mobilizou v\u00e1rias equipes de seguran\u00e7a do\u00a0Corpo de Bombeiros, da\u00a0Pol\u00edcia Rodovi\u00e1ria Federal (PRF)\u00a0e da\u00a0Pol\u00edcia Cient\u00edfica. O acidente foi registrado no in\u00edcio da tarde da \u00faltima ter\u00e7a-feira (7).<\/p>\n","protected":false},"excerpt":{"rendered":"<p>Everton Passos, de 41 anos, \u00e9 a v\u00edtima do grav\u00edssimo acidente registrado na \u00faltima ter\u00e7a-feira (7), na BR-277, no munic\u00edpio de\u00a0Palmeira. Ele era natural de Irati, nos Campos Gerais e morava atualmente em Curitiba. Ele deixa dois filhos, ambos de seis anos. A colis\u00e3o aconteceu no km 164 e envolveu dois ve\u00edculos \u2013 um deles [&hellip;]<\/p>\n","protected":false},"author":2,"featured_media":16690,"comment_status":"open","ping_status":"open","sticky":false,"template":"","format":"standard","meta":{"footnotes":""},"categories":[185],"tags":[172],"class_list":["post-16688","post","type-post","status-publish","format-standard","has-post-thumbnail","hentry","category-regional","tag-featured"],"amp_enabled":true,"_links":{"self":[{"href":"https:\/\/radiostudiow.com.br\/site\/wp-json\/wp\/v2\/posts\/16688","targetHints":{"allow":["GET"]}}],"collection":[{"href":"https:\/\/radiostudiow.com.br\/site\/wp-json\/wp\/v2\/posts"}],"about":[{"href":"https:\/\/radiostudiow.com.br\/site\/wp-json\/wp\/v2\/types\/post"}],"author":[{"embeddable":true,"href":"https:\/\/radiostudiow.com.br\/site\/wp-json\/wp\/v2\/users\/2"}],"replies":[{"embeddable":true,"href":"https:\/\/radiostudiow.com.br\/site\/wp-json\/wp\/v2\/comments?post=16688"}],"version-history":[{"count":2,"href":"https:\/\/radiostudiow.com.br\/site\/wp-json\/wp\/v2\/posts\/16688\/revisions"}],"predecessor-version":[{"id":16691,"href":"https:\/\/radiostudiow.com.br\/site\/wp-json\/wp\/v2\/posts\/16688\/revisions\/16691"}],"wp:featuredmedia":[{"embeddable":true,"href":"https:\/\/radiostudiow.com.br\/site\/wp-json\/wp\/v2\/media\/16690"}],"wp:attachment":[{"href":"https:\/\/radiostudiow.com.br\/site\/wp-json\/wp\/v2\/media?parent=16688"}],"wp:term":[{"taxonomy":"category","embeddable":true,"href":"https:\/\/radiostudiow.com.br\/site\/wp-json\/wp\/v2\/categories?post=16688"},{"taxonomy":"post_tag","embeddable":true,"href":"https:\/\/radiostudiow.com.br\/site\/wp-json\/wp\/v2\/tags?post=16688"}],"curies":[{"name":"wp","href":"https:\/\/api.w.org\/{rel}","templated":true}]}}