{"id":16699,"date":"2023-11-08T20:59:51","date_gmt":"2023-11-08T23:59:51","guid":{"rendered":"https:\/\/radiostudiow.com.br\/site\/?p=16699"},"modified":"2025-01-31T15:02:33","modified_gmt":"2025-01-31T18:02:33","slug":"morador-de-bituruna-esta-desaparecido","status":"publish","type":"post","link":"https:\/\/radiostudiow.com.br\/site\/2023\/11\/08\/morador-de-bituruna-esta-desaparecido\/","title":{"rendered":"MORADOR DE BITURUNA EST\u00c1 DESAPARECIDO"},"content":{"rendered":"\n<p>Um homem de 30 anos de idade, morador da cidade de Bituruna est\u00e1 desaparecido. A fam\u00edlia j\u00e1 registrou o boletim de ocorr\u00eancias e pede ajuda de todos para conseguir localiz\u00e1-lo.<\/p>\n\n\n\n<figure class=\"wp-block-image size-full\"><img decoding=\"async\" src=\"https:\/\/radiostudiow.com.br\/site\/wp-content\/uploads\/2023\/10\/SITE-GRANDE4.png\" alt=\"\" class=\"wp-image-16367\"\/><\/figure>\n\n\n\n<p>De acordo com informa\u00e7\u00f5es, o homem se chama Jorge Luiz Pereira morador do bairro S\u00e3o Pedro. Ele saiu na segunda-feira, 06 de novembro, vestindo bermuda e uma camiseta verde. Desde ent\u00e3o, n\u00e3o retornou para casa e n\u00e3o deu mais not\u00edcias.<\/p>\n\n\n\n<p><strong>A fam\u00edlia est\u00e1 preocupada com o seu sumi\u00e7o e qualquer informa\u00e7\u00e3o que possa contribuir nas buscas \u00e9 muito importante. Informa\u00e7\u00f5es podem ser repassadas para a Pol\u00edcia atrav\u00e9s do telefone 190.<\/strong><\/p>\n","protected":false},"excerpt":{"rendered":"<p>Um homem de 30 anos de idade, morador da cidade de Bituruna est\u00e1 desaparecido. A fam\u00edlia j\u00e1 registrou o boletim de ocorr\u00eancias e pede ajuda de todos para conseguir localiz\u00e1-lo. De acordo com informa\u00e7\u00f5es, o homem se chama Jorge Luiz Pereira morador do bairro S\u00e3o Pedro. Ele saiu na segunda-feira, 06 de novembro, vestindo bermuda [&hellip;]<\/p>\n","protected":false},"author":2,"featured_media":16700,"comment_status":"open","ping_status":"open","sticky":false,"template":"","format":"standard","meta":{"footnotes":""},"categories":[185],"tags":[172],"class_list":["post-16699","post","type-post","status-publish","format-standard","has-post-thumbnail","hentry","category-regional","tag-featured"],"amp_enabled":true,"_links":{"self":[{"href":"https:\/\/radiostudiow.com.br\/site\/wp-json\/wp\/v2\/posts\/16699","targetHints":{"allow":["GET"]}}],"collection":[{"href":"https:\/\/radiostudiow.com.br\/site\/wp-json\/wp\/v2\/posts"}],"about":[{"href":"https:\/\/radiostudiow.com.br\/site\/wp-json\/wp\/v2\/types\/post"}],"author":[{"embeddable":true,"href":"https:\/\/radiostudiow.com.br\/site\/wp-json\/wp\/v2\/users\/2"}],"replies":[{"embeddable":true,"href":"https:\/\/radiostudiow.com.br\/site\/wp-json\/wp\/v2\/comments?post=16699"}],"version-history":[{"count":1,"href":"https:\/\/radiostudiow.com.br\/site\/wp-json\/wp\/v2\/posts\/16699\/revisions"}],"predecessor-version":[{"id":16701,"href":"https:\/\/radiostudiow.com.br\/site\/wp-json\/wp\/v2\/posts\/16699\/revisions\/16701"}],"wp:featuredmedia":[{"embeddable":true,"href":"https:\/\/radiostudiow.com.br\/site\/wp-json\/wp\/v2\/media\/16700"}],"wp:attachment":[{"href":"https:\/\/radiostudiow.com.br\/site\/wp-json\/wp\/v2\/media?parent=16699"}],"wp:term":[{"taxonomy":"category","embeddable":true,"href":"https:\/\/radiostudiow.com.br\/site\/wp-json\/wp\/v2\/categories?post=16699"},{"taxonomy":"post_tag","embeddable":true,"href":"https:\/\/radiostudiow.com.br\/site\/wp-json\/wp\/v2\/tags?post=16699"}],"curies":[{"name":"wp","href":"https:\/\/api.w.org\/{rel}","templated":true}]}}