{"id":16736,"date":"2023-11-09T16:38:55","date_gmt":"2023-11-09T19:38:55","guid":{"rendered":"https:\/\/radiostudiow.com.br\/site\/?p=16736"},"modified":"2025-01-31T15:02:33","modified_gmt":"2025-01-31T18:02:33","slug":"duas-pessoas-ficam-feridas-apos-queda-de-moto-na-br-153","status":"publish","type":"post","link":"https:\/\/radiostudiow.com.br\/site\/2023\/11\/09\/duas-pessoas-ficam-feridas-apos-queda-de-moto-na-br-153\/","title":{"rendered":"DUAS PESSOAS FICAM FERIDAS AP\u00d3S QUEDA DE MOTO NA BR-153"},"content":{"rendered":"\n<p>A equipe do Corpo de Bombeiros de Uni\u00e3o da Vit\u00f3ria esteve atendendo a uma ocorr\u00eancia de acidente de tr\u00e2nsito, registrado por volta das 18 horas dessa quarta-feira (08).<\/p>\n\n\n\n<figure class=\"wp-block-image size-full\"><img decoding=\"async\" src=\"https:\/\/radiostudiow.com.br\/site\/wp-content\/uploads\/2023\/10\/SITE-GRANDE2.png\" alt=\"\" class=\"wp-image-16368\"\/><\/figure>\n\n\n\n<p>Segundo informa\u00e7\u00f5es divulgadas para a imprensa, o acidente aconteceu na rodovia BR-153 e envolveu uma motocicleta Honda\/Biz 110I de cor prata, a qual duas mulheres acabaram sofrendo a queda.<\/p>\n\n\n\n<p>As mulheres foram identificadas pelas iniciais \u201cM. R. V.\u201d de 48 anos e \u201cC. B. P.\u201d de 21 anos, as quais sofreram ferimentos de gravidade leve. Elas receberam os primeiros socorros e foram encaminhadas para cuidados m\u00e9dicos.<\/p>\n","protected":false},"excerpt":{"rendered":"<p>A equipe do Corpo de Bombeiros de Uni\u00e3o da Vit\u00f3ria esteve atendendo a uma ocorr\u00eancia de acidente de tr\u00e2nsito, registrado por volta das 18 horas dessa quarta-feira (08). Segundo informa\u00e7\u00f5es divulgadas para a imprensa, o acidente aconteceu na rodovia BR-153 e envolveu uma motocicleta Honda\/Biz 110I de cor prata, a qual duas mulheres acabaram sofrendo [&hellip;]<\/p>\n","protected":false},"author":2,"featured_media":10918,"comment_status":"open","ping_status":"open","sticky":false,"template":"","format":"standard","meta":{"footnotes":""},"categories":[185],"tags":[172],"class_list":["post-16736","post","type-post","status-publish","format-standard","has-post-thumbnail","hentry","category-regional","tag-featured"],"amp_enabled":true,"_links":{"self":[{"href":"https:\/\/radiostudiow.com.br\/site\/wp-json\/wp\/v2\/posts\/16736","targetHints":{"allow":["GET"]}}],"collection":[{"href":"https:\/\/radiostudiow.com.br\/site\/wp-json\/wp\/v2\/posts"}],"about":[{"href":"https:\/\/radiostudiow.com.br\/site\/wp-json\/wp\/v2\/types\/post"}],"author":[{"embeddable":true,"href":"https:\/\/radiostudiow.com.br\/site\/wp-json\/wp\/v2\/users\/2"}],"replies":[{"embeddable":true,"href":"https:\/\/radiostudiow.com.br\/site\/wp-json\/wp\/v2\/comments?post=16736"}],"version-history":[{"count":1,"href":"https:\/\/radiostudiow.com.br\/site\/wp-json\/wp\/v2\/posts\/16736\/revisions"}],"predecessor-version":[{"id":16737,"href":"https:\/\/radiostudiow.com.br\/site\/wp-json\/wp\/v2\/posts\/16736\/revisions\/16737"}],"wp:featuredmedia":[{"embeddable":true,"href":"https:\/\/radiostudiow.com.br\/site\/wp-json\/wp\/v2\/media\/10918"}],"wp:attachment":[{"href":"https:\/\/radiostudiow.com.br\/site\/wp-json\/wp\/v2\/media?parent=16736"}],"wp:term":[{"taxonomy":"category","embeddable":true,"href":"https:\/\/radiostudiow.com.br\/site\/wp-json\/wp\/v2\/categories?post=16736"},{"taxonomy":"post_tag","embeddable":true,"href":"https:\/\/radiostudiow.com.br\/site\/wp-json\/wp\/v2\/tags?post=16736"}],"curies":[{"name":"wp","href":"https:\/\/api.w.org\/{rel}","templated":true}]}}