{"id":16745,"date":"2023-11-09T17:39:54","date_gmt":"2023-11-09T20:39:54","guid":{"rendered":"https:\/\/radiostudiow.com.br\/site\/?p=16745"},"modified":"2025-01-31T15:02:33","modified_gmt":"2025-01-31T18:02:33","slug":"comecou-o-curso-de-manutencao-de-motocicletas-de-forma-gratuita-a-malletenses","status":"publish","type":"post","link":"https:\/\/radiostudiow.com.br\/site\/2023\/11\/09\/comecou-o-curso-de-manutencao-de-motocicletas-de-forma-gratuita-a-malletenses\/","title":{"rendered":"COME\u00c7OU O CURSO DE MANUTEN\u00c7\u00c3O DE MOTOCICLETAS DE FORMA GRATUITA \u00c0 MALLETENSES\u00a0"},"content":{"rendered":"\n<figure class=\"wp-block-image size-full\"><img decoding=\"async\" src=\"https:\/\/radiostudiow.com.br\/site\/wp-content\/uploads\/2023\/10\/SITE-GRANDE-1.png\" alt=\"\" class=\"wp-image-16374\"\/><\/figure>\n\n\n\n<p>Nesta quarta-feira (08), a Prefeitura Municipal de Mallet, iniciou atrav\u00e9s da parceria com a Ag\u00eancia do Trabalhador e da Unidade M\u00f3vel do SENAI, O Curso de Manuten\u00e7\u00e3o de Motocicletas, (mec\u00e2nica de motocicletas).<\/p>\n\n\n\n<p>De acordo&nbsp; com a Gerente da Unidade da Ag\u00eancia do Trabalhador de Mallet Cl\u00e1udia Bochine Rogulski, o curso tem o objetivo de trazer maior qualifica\u00e7\u00e3o profissional para nossa regi\u00e3o e dessa forma melhorar a vida profissional de v\u00e1rios malletenses.<\/p>\n\n\n\n<blockquote class=\"wp-block-quote is-layout-flow wp-block-quote-is-layout-flow\">\n<p>&#8220;\u00c9&nbsp; com muita alegria&nbsp; que estamos anunciando o in\u00edcio&nbsp; deste curso gratuito de manuten\u00e7\u00e3o de motocicletas que ir\u00e1 proporcionar mais uma qualifica\u00e7\u00e3o aos nossos mun\u00edcipes&#8221;, destacou&nbsp; Cl\u00e1udia&nbsp; a nossa reportagem.<\/p>\n<\/blockquote>\n\n\n\n<figure class=\"wp-block-image size-large\"><img loading=\"lazy\" decoding=\"async\" width=\"1024\" height=\"768\" src=\"https:\/\/radiostudiow.com.br\/site\/wp-content\/uploads\/2023\/11\/image-30-1024x768.png\" alt=\"\" class=\"wp-image-16747\" srcset=\"https:\/\/radiostudiow.com.br\/site\/wp-content\/uploads\/2023\/11\/image-30-1024x768.png 1024w, https:\/\/radiostudiow.com.br\/site\/wp-content\/uploads\/2023\/11\/image-30-300x225.png 300w, https:\/\/radiostudiow.com.br\/site\/wp-content\/uploads\/2023\/11\/image-30-768x576.png 768w, https:\/\/radiostudiow.com.br\/site\/wp-content\/uploads\/2023\/11\/image-30-1536x1152.png 1536w, https:\/\/radiostudiow.com.br\/site\/wp-content\/uploads\/2023\/11\/image-30.png 1600w\" sizes=\"auto, (max-width: 1024px) 100vw, 1024px\" \/><\/figure>\n\n\n\n<p>O curso est\u00e1 sendo realizado&nbsp; durante a semana de segunda a sexta-feira em dois turnos. \u00c0 tarde das 13:30 \u00e0s 17:30 horas e \u00e0 noite das 18:30 \u00e0s 22:30 horas, e ambos os turnos com 18 vagas.<\/p>\n\n\n\n<p>Segundo Cl\u00e1udia, o aluno que cumprir com a carga hor\u00e1ria exigida, ser\u00e1 oferecida uma bolsa-aux\u00edlio no valor de R$ 600,00 (Seiscentos reais), ou seja completando curso de manuten\u00e7\u00e3o de motocicletas al\u00e9m do reconhecimento e do aprendizado tamb\u00e9m ser\u00e1 pago uma quantia em dinheiro.<\/p>\n\n\n\n<blockquote class=\"wp-block-quote is-layout-flow wp-block-quote-is-layout-flow\">\n<p>&#8220;\u00c9&nbsp; incr\u00edvel o incentivo para fazer o curso&nbsp; que al\u00e9m de fazer de forma gratuita o aluno ainda recebe para aprender, mas \u00e9 claro que dever\u00e1 seguir algumas regras e a principal ser\u00e1 a sua frequ\u00eancia no curso&#8221;, frisou a gerente da Ag\u00eancia do Trabalhador de Mallet.&nbsp;<\/p>\n<\/blockquote>\n\n\n\n<figure class=\"wp-block-image size-large\"><img loading=\"lazy\" decoding=\"async\" width=\"1024\" height=\"769\" src=\"https:\/\/radiostudiow.com.br\/site\/wp-content\/uploads\/2023\/11\/image-29-1024x769.png\" alt=\"\" class=\"wp-image-16746\" srcset=\"https:\/\/radiostudiow.com.br\/site\/wp-content\/uploads\/2023\/11\/image-29-1024x769.png 1024w, https:\/\/radiostudiow.com.br\/site\/wp-content\/uploads\/2023\/11\/image-29-300x225.png 300w, https:\/\/radiostudiow.com.br\/site\/wp-content\/uploads\/2023\/11\/image-29-768x577.png 768w, https:\/\/radiostudiow.com.br\/site\/wp-content\/uploads\/2023\/11\/image-29.png 1156w\" sizes=\"auto, (max-width: 1024px) 100vw, 1024px\" \/><\/figure>\n\n\n\n<p>Esse curso faz parte do Projeto Bora Paran\u00e1 &#8211; Unidades M\u00f3veis 2023, sendo ele uma parceria do Governo do Estado do Paran\u00e1, Secretaria do Trabalho Qualifica\u00e7\u00e3o e Renda (SETR), Ambev e SENAI Paran\u00e1.<\/p>\n\n\n\n<p>A Carreta Escola, onde est\u00e1 instalada a unidade m\u00f3vel do SENAI,&nbsp; fica estacionada ao lado do Pr\u00e9dio Hist\u00f3rico da Prefeitura Municipal de Mallet, anexo a Pra\u00e7a dos Expedicion\u00e1rios na Rua Major Estev\u00e3o.<\/p>\n\n\n\n<figure class=\"wp-block-image size-full\"><img loading=\"lazy\" decoding=\"async\" width=\"897\" height=\"204\" src=\"https:\/\/radiostudiow.com.br\/site\/wp-content\/uploads\/2023\/10\/SITE-GRANDE3.png\" alt=\"\" class=\"wp-image-16341\" srcset=\"https:\/\/radiostudiow.com.br\/site\/wp-content\/uploads\/2023\/10\/SITE-GRANDE3.png 897w, https:\/\/radiostudiow.com.br\/site\/wp-content\/uploads\/2023\/10\/SITE-GRANDE3-300x68.png 300w, https:\/\/radiostudiow.com.br\/site\/wp-content\/uploads\/2023\/10\/SITE-GRANDE3-768x175.png 768w\" sizes=\"auto, (max-width: 897px) 100vw, 897px\" \/><\/figure>\n\n\n\n<figure class=\"wp-block-gallery has-nested-images columns-default is-cropped wp-block-gallery-1 is-layout-flex wp-block-gallery-is-layout-flex\">\n<figure class=\"wp-block-image size-large\"><img loading=\"lazy\" decoding=\"async\" width=\"1024\" height=\"768\" data-id=\"16748\" src=\"https:\/\/radiostudiow.com.br\/site\/wp-content\/uploads\/2023\/11\/image-31-1024x768.png\" alt=\"\" class=\"wp-image-16748\" srcset=\"https:\/\/radiostudiow.com.br\/site\/wp-content\/uploads\/2023\/11\/image-31-1024x768.png 1024w, https:\/\/radiostudiow.com.br\/site\/wp-content\/uploads\/2023\/11\/image-31-300x225.png 300w, https:\/\/radiostudiow.com.br\/site\/wp-content\/uploads\/2023\/11\/image-31-768x576.png 768w, https:\/\/radiostudiow.com.br\/site\/wp-content\/uploads\/2023\/11\/image-31-1536x1152.png 1536w, https:\/\/radiostudiow.com.br\/site\/wp-content\/uploads\/2023\/11\/image-31.png 1600w\" sizes=\"auto, (max-width: 1024px) 100vw, 1024px\" \/><\/figure>\n\n\n\n<figure class=\"wp-block-image size-large\"><img loading=\"lazy\" decoding=\"async\" width=\"1024\" height=\"768\" data-id=\"16749\" src=\"https:\/\/radiostudiow.com.br\/site\/wp-content\/uploads\/2023\/11\/image-32-1024x768.png\" alt=\"\" class=\"wp-image-16749\" srcset=\"https:\/\/radiostudiow.com.br\/site\/wp-content\/uploads\/2023\/11\/image-32-1024x768.png 1024w, https:\/\/radiostudiow.com.br\/site\/wp-content\/uploads\/2023\/11\/image-32-300x225.png 300w, https:\/\/radiostudiow.com.br\/site\/wp-content\/uploads\/2023\/11\/image-32-768x576.png 768w, https:\/\/radiostudiow.com.br\/site\/wp-content\/uploads\/2023\/11\/image-32-1536x1152.png 1536w, https:\/\/radiostudiow.com.br\/site\/wp-content\/uploads\/2023\/11\/image-32.png 1600w\" sizes=\"auto, (max-width: 1024px) 100vw, 1024px\" \/><\/figure>\n<\/figure>\n\n\n\n<figure class=\"wp-block-gallery has-nested-images columns-default is-cropped wp-block-gallery-2 is-layout-flex wp-block-gallery-is-layout-flex\">\n<figure class=\"wp-block-image size-large\"><img loading=\"lazy\" decoding=\"async\" width=\"768\" height=\"1024\" data-id=\"16750\" src=\"https:\/\/radiostudiow.com.br\/site\/wp-content\/uploads\/2023\/11\/image-33-768x1024.png\" alt=\"\" class=\"wp-image-16750\" srcset=\"https:\/\/radiostudiow.com.br\/site\/wp-content\/uploads\/2023\/11\/image-33-768x1024.png 768w, https:\/\/radiostudiow.com.br\/site\/wp-content\/uploads\/2023\/11\/image-33-225x300.png 225w, https:\/\/radiostudiow.com.br\/site\/wp-content\/uploads\/2023\/11\/image-33-1152x1536.png 1152w, https:\/\/radiostudiow.com.br\/site\/wp-content\/uploads\/2023\/11\/image-33.png 1200w\" sizes=\"auto, (max-width: 768px) 100vw, 768px\" \/><\/figure>\n\n\n\n<figure class=\"wp-block-image size-large\"><img loading=\"lazy\" decoding=\"async\" width=\"769\" height=\"1024\" data-id=\"16751\" src=\"https:\/\/radiostudiow.com.br\/site\/wp-content\/uploads\/2023\/11\/image-34-769x1024.png\" alt=\"\" class=\"wp-image-16751\" srcset=\"https:\/\/radiostudiow.com.br\/site\/wp-content\/uploads\/2023\/11\/image-34-769x1024.png 769w, https:\/\/radiostudiow.com.br\/site\/wp-content\/uploads\/2023\/11\/image-34-225x300.png 225w, https:\/\/radiostudiow.com.br\/site\/wp-content\/uploads\/2023\/11\/image-34-768x1023.png 768w, https:\/\/radiostudiow.com.br\/site\/wp-content\/uploads\/2023\/11\/image-34.png 868w\" sizes=\"auto, (max-width: 769px) 100vw, 769px\" \/><\/figure>\n<\/figure>\n\n\n\n<figure class=\"wp-block-image size-large\"><img loading=\"lazy\" decoding=\"async\" width=\"1024\" height=\"768\" src=\"https:\/\/radiostudiow.com.br\/site\/wp-content\/uploads\/2023\/11\/image-36-1024x768.png\" alt=\"\" class=\"wp-image-16754\" srcset=\"https:\/\/radiostudiow.com.br\/site\/wp-content\/uploads\/2023\/11\/image-36-1024x768.png 1024w, https:\/\/radiostudiow.com.br\/site\/wp-content\/uploads\/2023\/11\/image-36-300x225.png 300w, https:\/\/radiostudiow.com.br\/site\/wp-content\/uploads\/2023\/11\/image-36-768x576.png 768w, https:\/\/radiostudiow.com.br\/site\/wp-content\/uploads\/2023\/11\/image-36-1536x1152.png 1536w, https:\/\/radiostudiow.com.br\/site\/wp-content\/uploads\/2023\/11\/image-36.png 1600w\" sizes=\"auto, (max-width: 1024px) 100vw, 1024px\" \/><\/figure>\n","protected":false},"excerpt":{"rendered":"<p>Nesta quarta-feira (08), a Prefeitura Municipal de Mallet, iniciou atrav\u00e9s da parceria com a Ag\u00eancia do Trabalhador e da Unidade M\u00f3vel do SENAI, O Curso de Manuten\u00e7\u00e3o de Motocicletas, (mec\u00e2nica de motocicletas). De acordo&nbsp; com a Gerente da Unidade da Ag\u00eancia do Trabalhador de Mallet Cl\u00e1udia Bochine Rogulski, o curso tem o objetivo de trazer [&hellip;]<\/p>\n","protected":false},"author":2,"featured_media":16753,"comment_status":"open","ping_status":"open","sticky":false,"template":"","format":"standard","meta":{"footnotes":""},"categories":[184],"tags":[172],"class_list":["post-16745","post","type-post","status-publish","format-standard","has-post-thumbnail","hentry","category-local","tag-featured"],"amp_enabled":true,"_links":{"self":[{"href":"https:\/\/radiostudiow.com.br\/site\/wp-json\/wp\/v2\/posts\/16745","targetHints":{"allow":["GET"]}}],"collection":[{"href":"https:\/\/radiostudiow.com.br\/site\/wp-json\/wp\/v2\/posts"}],"about":[{"href":"https:\/\/radiostudiow.com.br\/site\/wp-json\/wp\/v2\/types\/post"}],"author":[{"embeddable":true,"href":"https:\/\/radiostudiow.com.br\/site\/wp-json\/wp\/v2\/users\/2"}],"replies":[{"embeddable":true,"href":"https:\/\/radiostudiow.com.br\/site\/wp-json\/wp\/v2\/comments?post=16745"}],"version-history":[{"count":3,"href":"https:\/\/radiostudiow.com.br\/site\/wp-json\/wp\/v2\/posts\/16745\/revisions"}],"predecessor-version":[{"id":16763,"href":"https:\/\/radiostudiow.com.br\/site\/wp-json\/wp\/v2\/posts\/16745\/revisions\/16763"}],"wp:featuredmedia":[{"embeddable":true,"href":"https:\/\/radiostudiow.com.br\/site\/wp-json\/wp\/v2\/media\/16753"}],"wp:attachment":[{"href":"https:\/\/radiostudiow.com.br\/site\/wp-json\/wp\/v2\/media?parent=16745"}],"wp:term":[{"taxonomy":"category","embeddable":true,"href":"https:\/\/radiostudiow.com.br\/site\/wp-json\/wp\/v2\/categories?post=16745"},{"taxonomy":"post_tag","embeddable":true,"href":"https:\/\/radiostudiow.com.br\/site\/wp-json\/wp\/v2\/tags?post=16745"}],"curies":[{"name":"wp","href":"https:\/\/api.w.org\/{rel}","templated":true}]}}