{"id":16897,"date":"2023-11-13T19:50:42","date_gmt":"2023-11-13T22:50:42","guid":{"rendered":"https:\/\/radiostudiow.com.br\/site\/?p=16897"},"modified":"2025-01-31T15:02:32","modified_gmt":"2025-01-31T18:02:32","slug":"condutor-perde-o-controle-do-veiculo-e-cai-fora-da-pista-na-br-153-em-dorizon","status":"publish","type":"post","link":"https:\/\/radiostudiow.com.br\/site\/2023\/11\/13\/condutor-perde-o-controle-do-veiculo-e-cai-fora-da-pista-na-br-153-em-dorizon\/","title":{"rendered":"CONDUTOR PERDE O CONTROLE DO VE\u00cdCULO E CAI FORA DA PISTA NA BR 153 EM DORIZON"},"content":{"rendered":"\n<p>Na tarde desta segunda-feira (13), por volta das 15:20 horas a equipe do Corpo de Bombeiros Comunit\u00e1rios de Mallet\u00a0 foi acionada para atender um acidente pr\u00f3ximo ao Distrito de Dorizon em Mallet.<\/p>\n\n\n\n<figure class=\"wp-block-image size-full\"><img decoding=\"async\" src=\"https:\/\/radiostudiow.com.br\/site\/wp-content\/uploads\/2023\/10\/SITE-GRANDE5.png\" alt=\"\" class=\"wp-image-16372\"\/><\/figure>\n\n\n\n<p>Segundo informa\u00e7\u00f5es, o condutor de um autom\u00f3vel GM\/Astra com placas do Mercosul, perdeu o controle do carro na BR 153 no km 400 vindo a cair fora da pista.<\/p>\n\n\n\n<p>De acordo com os bombeiros comunit\u00e1rios n\u00e3o houve\u00a0 v\u00edtimas somente os procedimentos normais de atendimento.<\/p>\n","protected":false},"excerpt":{"rendered":"<p>Na tarde desta segunda-feira (13), por volta das 15:20 horas a equipe do Corpo de Bombeiros Comunit\u00e1rios de Mallet\u00a0 foi acionada para atender um acidente pr\u00f3ximo ao Distrito de Dorizon em Mallet. Segundo informa\u00e7\u00f5es, o condutor de um autom\u00f3vel GM\/Astra com placas do Mercosul, perdeu o controle do carro na BR 153 no km 400 [&hellip;]<\/p>\n","protected":false},"author":2,"featured_media":16899,"comment_status":"open","ping_status":"open","sticky":false,"template":"","format":"standard","meta":{"footnotes":""},"categories":[184],"tags":[172],"class_list":["post-16897","post","type-post","status-publish","format-standard","has-post-thumbnail","hentry","category-local","tag-featured"],"amp_enabled":true,"_links":{"self":[{"href":"https:\/\/radiostudiow.com.br\/site\/wp-json\/wp\/v2\/posts\/16897","targetHints":{"allow":["GET"]}}],"collection":[{"href":"https:\/\/radiostudiow.com.br\/site\/wp-json\/wp\/v2\/posts"}],"about":[{"href":"https:\/\/radiostudiow.com.br\/site\/wp-json\/wp\/v2\/types\/post"}],"author":[{"embeddable":true,"href":"https:\/\/radiostudiow.com.br\/site\/wp-json\/wp\/v2\/users\/2"}],"replies":[{"embeddable":true,"href":"https:\/\/radiostudiow.com.br\/site\/wp-json\/wp\/v2\/comments?post=16897"}],"version-history":[{"count":1,"href":"https:\/\/radiostudiow.com.br\/site\/wp-json\/wp\/v2\/posts\/16897\/revisions"}],"predecessor-version":[{"id":16900,"href":"https:\/\/radiostudiow.com.br\/site\/wp-json\/wp\/v2\/posts\/16897\/revisions\/16900"}],"wp:featuredmedia":[{"embeddable":true,"href":"https:\/\/radiostudiow.com.br\/site\/wp-json\/wp\/v2\/media\/16899"}],"wp:attachment":[{"href":"https:\/\/radiostudiow.com.br\/site\/wp-json\/wp\/v2\/media?parent=16897"}],"wp:term":[{"taxonomy":"category","embeddable":true,"href":"https:\/\/radiostudiow.com.br\/site\/wp-json\/wp\/v2\/categories?post=16897"},{"taxonomy":"post_tag","embeddable":true,"href":"https:\/\/radiostudiow.com.br\/site\/wp-json\/wp\/v2\/tags?post=16897"}],"curies":[{"name":"wp","href":"https:\/\/api.w.org\/{rel}","templated":true}]}}