{"id":16901,"date":"2023-11-13T20:13:52","date_gmt":"2023-11-13T23:13:52","guid":{"rendered":"https:\/\/radiostudiow.com.br\/site\/?p=16901"},"modified":"2025-01-31T15:02:32","modified_gmt":"2025-01-31T18:02:32","slug":"bombeiros-comunitarios-de-mallet-atendem-a-chamado-de-incendio-em-dorizon-neste-domingo","status":"publish","type":"post","link":"https:\/\/radiostudiow.com.br\/site\/2023\/11\/13\/bombeiros-comunitarios-de-mallet-atendem-a-chamado-de-incendio-em-dorizon-neste-domingo\/","title":{"rendered":"BOMBEIROS COMUNIT\u00c1RIOS DE MALLET, ATENDEM A CHAMADO DE INC\u00caNDIO EM DORIZON NESTE DOMINGO"},"content":{"rendered":"\n<p><em>Inicio de semana com inc\u00eandios em nossa cidade.<\/em><\/p>\n\n\n\n<p>Neste domingo dia 12 de novembro, por volta das 16:00 horas, o Corpo de Bombeiros\u00a0 Comunit\u00e1rios de Mallet foi acionado para atender uma ocorr\u00eancia de inc\u00eandio no Distrito de Dorizon,\u00a0pr\u00f3ximo a torre de telefonia da TIM.<\/p>\n\n\n\n<figure class=\"wp-block-image size-full\"><img decoding=\"async\" src=\"https:\/\/radiostudiow.com.br\/site\/wp-content\/uploads\/2023\/10\/SITE-GRANDE2.png\" alt=\"\" class=\"wp-image-16368\"\/><\/figure>\n\n\n\n<p>Chegando ao local, constatou-se que um galp\u00e3o onde o propriet\u00e1rio guardava lenha e ferramentas estava pegando fogo.<\/p>\n\n\n\n<p>Os Bombeiros realizaram todos os procedimentos necess\u00e1rios para que as chamas\u00a0n\u00e3o atingissem uma casa ao lado.\u00a0<\/p>\n\n\n\n<p>Ningu\u00e9m se feriu, mas com esse atendimento em combate a inc\u00eandio foram duas ocorr\u00eancias em menos de 24 horas no munic\u00edpio de Mallet, registradas\u00a0pelos\u00a0bombeiros comunit\u00e1rios.<\/p>\n\n\n\n<figure class=\"wp-block-image size-full\"><img loading=\"lazy\" decoding=\"async\" width=\"897\" height=\"204\" src=\"https:\/\/radiostudiow.com.br\/site\/wp-content\/uploads\/2023\/10\/SITE-GRANDE3.png\" alt=\"\" class=\"wp-image-16341\" srcset=\"https:\/\/radiostudiow.com.br\/site\/wp-content\/uploads\/2023\/10\/SITE-GRANDE3.png 897w, https:\/\/radiostudiow.com.br\/site\/wp-content\/uploads\/2023\/10\/SITE-GRANDE3-300x68.png 300w, https:\/\/radiostudiow.com.br\/site\/wp-content\/uploads\/2023\/10\/SITE-GRANDE3-768x175.png 768w\" sizes=\"auto, (max-width: 897px) 100vw, 897px\" \/><\/figure>\n\n\n\n<figure class=\"wp-block-image size-large\"><img loading=\"lazy\" decoding=\"async\" width=\"670\" height=\"1024\" src=\"https:\/\/radiostudiow.com.br\/site\/wp-content\/uploads\/2023\/11\/image-62-670x1024.png\" alt=\"\" class=\"wp-image-16902\" srcset=\"https:\/\/radiostudiow.com.br\/site\/wp-content\/uploads\/2023\/11\/image-62-670x1024.png 670w, https:\/\/radiostudiow.com.br\/site\/wp-content\/uploads\/2023\/11\/image-62-196x300.png 196w, https:\/\/radiostudiow.com.br\/site\/wp-content\/uploads\/2023\/11\/image-62-768x1174.png 768w, https:\/\/radiostudiow.com.br\/site\/wp-content\/uploads\/2023\/11\/image-62.png 824w\" sizes=\"auto, (max-width: 670px) 100vw, 670px\" \/><\/figure>\n\n\n\n<p><em>FOTOS: Redes Sociais<\/em><\/p>\n","protected":false},"excerpt":{"rendered":"<p>Inicio de semana com inc\u00eandios em nossa cidade. Neste domingo dia 12 de novembro, por volta das 16:00 horas, o Corpo de Bombeiros\u00a0 Comunit\u00e1rios de Mallet foi acionado para atender uma ocorr\u00eancia de inc\u00eandio no Distrito de Dorizon,\u00a0pr\u00f3ximo a torre de telefonia da TIM. Chegando ao local, constatou-se que um galp\u00e3o onde o propriet\u00e1rio guardava [&hellip;]<\/p>\n","protected":false},"author":2,"featured_media":16903,"comment_status":"open","ping_status":"open","sticky":false,"template":"","format":"standard","meta":{"footnotes":""},"categories":[184],"tags":[172],"class_list":["post-16901","post","type-post","status-publish","format-standard","has-post-thumbnail","hentry","category-local","tag-featured"],"amp_enabled":true,"_links":{"self":[{"href":"https:\/\/radiostudiow.com.br\/site\/wp-json\/wp\/v2\/posts\/16901","targetHints":{"allow":["GET"]}}],"collection":[{"href":"https:\/\/radiostudiow.com.br\/site\/wp-json\/wp\/v2\/posts"}],"about":[{"href":"https:\/\/radiostudiow.com.br\/site\/wp-json\/wp\/v2\/types\/post"}],"author":[{"embeddable":true,"href":"https:\/\/radiostudiow.com.br\/site\/wp-json\/wp\/v2\/users\/2"}],"replies":[{"embeddable":true,"href":"https:\/\/radiostudiow.com.br\/site\/wp-json\/wp\/v2\/comments?post=16901"}],"version-history":[{"count":1,"href":"https:\/\/radiostudiow.com.br\/site\/wp-json\/wp\/v2\/posts\/16901\/revisions"}],"predecessor-version":[{"id":16904,"href":"https:\/\/radiostudiow.com.br\/site\/wp-json\/wp\/v2\/posts\/16901\/revisions\/16904"}],"wp:featuredmedia":[{"embeddable":true,"href":"https:\/\/radiostudiow.com.br\/site\/wp-json\/wp\/v2\/media\/16903"}],"wp:attachment":[{"href":"https:\/\/radiostudiow.com.br\/site\/wp-json\/wp\/v2\/media?parent=16901"}],"wp:term":[{"taxonomy":"category","embeddable":true,"href":"https:\/\/radiostudiow.com.br\/site\/wp-json\/wp\/v2\/categories?post=16901"},{"taxonomy":"post_tag","embeddable":true,"href":"https:\/\/radiostudiow.com.br\/site\/wp-json\/wp\/v2\/tags?post=16901"}],"curies":[{"name":"wp","href":"https:\/\/api.w.org\/{rel}","templated":true}]}}