{"id":17211,"date":"2023-11-23T11:06:31","date_gmt":"2023-11-23T14:06:31","guid":{"rendered":"https:\/\/radiostudiow.com.br\/site\/?p=17211"},"modified":"2025-01-31T15:02:30","modified_gmt":"2025-01-31T18:02:30","slug":"paula-freitas-pm-realizou-apoio-aos-orgao-da-saude","status":"publish","type":"post","link":"https:\/\/radiostudiow.com.br\/site\/2023\/11\/23\/paula-freitas-pm-realizou-apoio-aos-orgao-da-saude\/","title":{"rendered":"PAULA FREITAS: PM REALIZA APOIO EM DESLOCAMENTO DE PACIENTE PARA HOSPITAL"},"content":{"rendered":"\n<p>Uma mulher, a qual se identificou como agente de sa\u00fade, compareceu ao Pelot\u00e3o da Pol\u00edcia Militar de Paula Freitas para solicitar apoio de deslocamento. A situa\u00e7\u00e3o ocorreu por volta das 08:30 horas da manh\u00e3 dessa quarta-feira (22).<\/p>\n\n\n\n<figure class=\"wp-block-image size-full\"><img loading=\"lazy\" decoding=\"async\" width=\"897\" height=\"204\" src=\"https:\/\/radiostudiow.com.br\/site\/wp-content\/uploads\/2023\/10\/SITE-GRANDE3.png\" alt=\"\" class=\"wp-image-16341\" srcset=\"https:\/\/radiostudiow.com.br\/site\/wp-content\/uploads\/2023\/10\/SITE-GRANDE3.png 897w, https:\/\/radiostudiow.com.br\/site\/wp-content\/uploads\/2023\/10\/SITE-GRANDE3-300x68.png 300w, https:\/\/radiostudiow.com.br\/site\/wp-content\/uploads\/2023\/10\/SITE-GRANDE3-768x175.png 768w\" sizes=\"auto, (max-width: 897px) 100vw, 897px\" \/><\/figure>\n\n\n\n<p>De acordo com a solicitante, o apoio para cumprimento de ordem Judicial de avalia\u00e7\u00e3o e internamento medico de um paciente morador do bairro Alto da Gl\u00f3ria.<\/p>\n\n\n\n<p>Os policiais se deslocaram at\u00e9 o local juntamente a agente de sa\u00fade, o paciente encontrado e conduzido pela ambul\u00e2ncia do munic\u00edpio at\u00e9 o Hospital de Uni\u00e3o da Vit\u00f3ria.<\/p>\n","protected":false},"excerpt":{"rendered":"<p>Uma mulher, a qual se identificou como agente de sa\u00fade, compareceu ao Pelot\u00e3o da Pol\u00edcia Militar de Paula Freitas para solicitar apoio de deslocamento. A situa\u00e7\u00e3o ocorreu por volta das 08:30 horas da manh\u00e3 dessa quarta-feira (22). De acordo com a solicitante, o apoio para cumprimento de ordem Judicial de avalia\u00e7\u00e3o e internamento medico de [&hellip;]<\/p>\n","protected":false},"author":2,"featured_media":15416,"comment_status":"open","ping_status":"open","sticky":false,"template":"","format":"standard","meta":{"footnotes":""},"categories":[2],"tags":[172],"class_list":["post-17211","post","type-post","status-publish","format-standard","has-post-thumbnail","hentry","category-policial","tag-featured"],"amp_enabled":true,"_links":{"self":[{"href":"https:\/\/radiostudiow.com.br\/site\/wp-json\/wp\/v2\/posts\/17211","targetHints":{"allow":["GET"]}}],"collection":[{"href":"https:\/\/radiostudiow.com.br\/site\/wp-json\/wp\/v2\/posts"}],"about":[{"href":"https:\/\/radiostudiow.com.br\/site\/wp-json\/wp\/v2\/types\/post"}],"author":[{"embeddable":true,"href":"https:\/\/radiostudiow.com.br\/site\/wp-json\/wp\/v2\/users\/2"}],"replies":[{"embeddable":true,"href":"https:\/\/radiostudiow.com.br\/site\/wp-json\/wp\/v2\/comments?post=17211"}],"version-history":[{"count":4,"href":"https:\/\/radiostudiow.com.br\/site\/wp-json\/wp\/v2\/posts\/17211\/revisions"}],"predecessor-version":[{"id":17218,"href":"https:\/\/radiostudiow.com.br\/site\/wp-json\/wp\/v2\/posts\/17211\/revisions\/17218"}],"wp:featuredmedia":[{"embeddable":true,"href":"https:\/\/radiostudiow.com.br\/site\/wp-json\/wp\/v2\/media\/15416"}],"wp:attachment":[{"href":"https:\/\/radiostudiow.com.br\/site\/wp-json\/wp\/v2\/media?parent=17211"}],"wp:term":[{"taxonomy":"category","embeddable":true,"href":"https:\/\/radiostudiow.com.br\/site\/wp-json\/wp\/v2\/categories?post=17211"},{"taxonomy":"post_tag","embeddable":true,"href":"https:\/\/radiostudiow.com.br\/site\/wp-json\/wp\/v2\/tags?post=17211"}],"curies":[{"name":"wp","href":"https:\/\/api.w.org\/{rel}","templated":true}]}}