{"id":17242,"date":"2023-11-24T01:51:05","date_gmt":"2023-11-24T04:51:05","guid":{"rendered":"https:\/\/radiostudiow.com.br\/site\/?p=17242"},"modified":"2025-01-31T15:02:30","modified_gmt":"2025-01-31T18:02:30","slug":"escandalo-na-camara-de-vereadores-de-mallet-vereadora-acusa-outro-vereador-de-assedio-sexual","status":"publish","type":"post","link":"https:\/\/radiostudiow.com.br\/site\/2023\/11\/24\/escandalo-na-camara-de-vereadores-de-mallet-vereadora-acusa-outro-vereador-de-assedio-sexual\/","title":{"rendered":"ESC\u00c2NDALO NA C\u00c2MARA DE VEREADORES DE MALLET: VEREADORA ACUSA OUTRO VEREADOR DE ASS\u00c9DIO SEXUAL"},"content":{"rendered":"\n<p>Nesta quinta-feira dia 23 de novembro, um site denominado como Plant\u00e3o Policial, postou uma mat\u00e9ria que acusa um vereador de praticar ass\u00e9dio sexual contra uma colega de seu pr\u00f3prio partido.<\/p>\n\n\n\n<p>Segundo essas informa\u00e7\u00f5es, a Vereadora Kelly Joselia Calisto Grzeszczyszy(PSD), registrou um Boletim de Ocorr\u00eancia na Delegacia de Policia, tratando o caso como \u201cPersegui\u00e7\u00e3o Pol\u00edtica e at\u00e9 \u201cAss\u00e9dio Sexual\u201d. Al\u00e9m do registro do B.O. foi feita uma den\u00fancia no Minist\u00e9rio P\u00fablico, na Procuradoria da Mulher e ainda na Comiss\u00e3o de \u00c9tica da C\u00e2mara Municipal de Mallet, a qual pede a cassa\u00e7\u00e3o do parlamentar.<\/p>\n\n\n\n<p>De acordo com a divulga\u00e7\u00e3o do site, o Vereador Natal Cararo (PSD), usa at\u00e9 um drone para vigiar os passos da vereadora a qual se sente amea\u00e7ada.<\/p>\n\n\n\n<p>Nos pr\u00f3ximos dias saberemos quais ser\u00e3o as medidas tomadas pela bancada legislativa malletense, quanto a&nbsp;esse&nbsp;esc\u00e2ndalo.<\/p>\n\n\n\n<figure class=\"wp-block-image size-full\"><img loading=\"lazy\" decoding=\"async\" width=\"635\" height=\"330\" src=\"https:\/\/radiostudiow.com.br\/site\/wp-content\/uploads\/2023\/11\/Imagem-do-WhatsApp-de-2023-11-24-as-01.27.50_40112dc6.jpg\" alt=\"\" class=\"wp-image-17245\" srcset=\"https:\/\/radiostudiow.com.br\/site\/wp-content\/uploads\/2023\/11\/Imagem-do-WhatsApp-de-2023-11-24-as-01.27.50_40112dc6.jpg 635w, https:\/\/radiostudiow.com.br\/site\/wp-content\/uploads\/2023\/11\/Imagem-do-WhatsApp-de-2023-11-24-as-01.27.50_40112dc6-300x156.jpg 300w\" sizes=\"auto, (max-width: 635px) 100vw, 635px\" \/><\/figure>\n","protected":false},"excerpt":{"rendered":"<p>Nesta quinta-feira dia 23 de novembro, um site denominado como Plant\u00e3o Policial, postou uma mat\u00e9ria que acusa um vereador de praticar ass\u00e9dio sexual contra uma colega de seu pr\u00f3prio partido. Segundo essas informa\u00e7\u00f5es, a Vereadora Kelly Joselia Calisto Grzeszczyszy(PSD), registrou um Boletim de Ocorr\u00eancia na Delegacia de Policia, tratando o caso como \u201cPersegui\u00e7\u00e3o Pol\u00edtica e [&hellip;]<\/p>\n","protected":false},"author":2,"featured_media":17243,"comment_status":"open","ping_status":"open","sticky":false,"template":"","format":"standard","meta":{"footnotes":""},"categories":[184],"tags":[172],"class_list":["post-17242","post","type-post","status-publish","format-standard","has-post-thumbnail","hentry","category-local","tag-featured"],"amp_enabled":true,"_links":{"self":[{"href":"https:\/\/radiostudiow.com.br\/site\/wp-json\/wp\/v2\/posts\/17242","targetHints":{"allow":["GET"]}}],"collection":[{"href":"https:\/\/radiostudiow.com.br\/site\/wp-json\/wp\/v2\/posts"}],"about":[{"href":"https:\/\/radiostudiow.com.br\/site\/wp-json\/wp\/v2\/types\/post"}],"author":[{"embeddable":true,"href":"https:\/\/radiostudiow.com.br\/site\/wp-json\/wp\/v2\/users\/2"}],"replies":[{"embeddable":true,"href":"https:\/\/radiostudiow.com.br\/site\/wp-json\/wp\/v2\/comments?post=17242"}],"version-history":[{"count":2,"href":"https:\/\/radiostudiow.com.br\/site\/wp-json\/wp\/v2\/posts\/17242\/revisions"}],"predecessor-version":[{"id":17246,"href":"https:\/\/radiostudiow.com.br\/site\/wp-json\/wp\/v2\/posts\/17242\/revisions\/17246"}],"wp:featuredmedia":[{"embeddable":true,"href":"https:\/\/radiostudiow.com.br\/site\/wp-json\/wp\/v2\/media\/17243"}],"wp:attachment":[{"href":"https:\/\/radiostudiow.com.br\/site\/wp-json\/wp\/v2\/media?parent=17242"}],"wp:term":[{"taxonomy":"category","embeddable":true,"href":"https:\/\/radiostudiow.com.br\/site\/wp-json\/wp\/v2\/categories?post=17242"},{"taxonomy":"post_tag","embeddable":true,"href":"https:\/\/radiostudiow.com.br\/site\/wp-json\/wp\/v2\/tags?post=17242"}],"curies":[{"name":"wp","href":"https:\/\/api.w.org\/{rel}","templated":true}]}}