{"id":17263,"date":"2023-11-24T11:38:12","date_gmt":"2023-11-24T14:38:12","guid":{"rendered":"https:\/\/radiostudiow.com.br\/site\/?p=17263"},"modified":"2025-01-31T15:02:30","modified_gmt":"2025-01-31T18:02:30","slug":"sao-mateus-do-sul-homem-e-preso-apos-agredir-namorada","status":"publish","type":"post","link":"https:\/\/radiostudiow.com.br\/site\/2023\/11\/24\/sao-mateus-do-sul-homem-e-preso-apos-agredir-namorada\/","title":{"rendered":"S\u00c3O MATEUS DO SUL: HOMEM \u00c9 PRESO AP\u00d3S AGREDIR NAMORADA"},"content":{"rendered":"\n<p>A equipe da Pol\u00edcia Militar de S\u00e3o Mateus do Sul foi acionada via central de atendimento por volta das 22:20 horas para uma ocorr\u00eancia em que a solicitante relatou ter sido agredida pelo namorado nessa quinta-feira (23).<\/p>\n\n\n\n<figure class=\"wp-block-image size-full\"><img decoding=\"async\" src=\"https:\/\/radiostudiow.com.br\/site\/wp-content\/uploads\/2023\/10\/SITE-GRANDE2.png\" alt=\"\" class=\"wp-image-16368\"\/><\/figure>\n\n\n\n<p>o chegar ao local, a equipe encontrou o indiv\u00edduo completamente alterado em frente a casa da namorada na rua Nossa Senhora do Rocio.<\/p>\n\n\n\n<p>A v\u00edtima informou \u00e0 equipe que o namorado foi at\u00e9 sua resid\u00eancia, ficou alterado e acabou agredindo-a no rosto e no bra\u00e7o esquerdo, al\u00e9m de aplicar um \u201cmata-le\u00e3o\u201d.<\/p>\n\n\n\n<p>O indiv\u00edduo foi detido e recebeu voz de pris\u00e3o. Ambos foram conduzidos \u00e0 Delegacia de Pol\u00edcia Civil para os procedimentos cab\u00edveis.<\/p>\n","protected":false},"excerpt":{"rendered":"<p>A equipe da Pol\u00edcia Militar de S\u00e3o Mateus do Sul foi acionada via central de atendimento por volta das 22:20 horas para uma ocorr\u00eancia em que a solicitante relatou ter sido agredida pelo namorado nessa quinta-feira (23). o chegar ao local, a equipe encontrou o indiv\u00edduo completamente alterado em frente a casa da namorada na [&hellip;]<\/p>\n","protected":false},"author":2,"featured_media":14798,"comment_status":"open","ping_status":"open","sticky":false,"template":"","format":"standard","meta":{"footnotes":""},"categories":[2],"tags":[172],"class_list":["post-17263","post","type-post","status-publish","format-standard","has-post-thumbnail","hentry","category-policial","tag-featured"],"amp_enabled":true,"_links":{"self":[{"href":"https:\/\/radiostudiow.com.br\/site\/wp-json\/wp\/v2\/posts\/17263","targetHints":{"allow":["GET"]}}],"collection":[{"href":"https:\/\/radiostudiow.com.br\/site\/wp-json\/wp\/v2\/posts"}],"about":[{"href":"https:\/\/radiostudiow.com.br\/site\/wp-json\/wp\/v2\/types\/post"}],"author":[{"embeddable":true,"href":"https:\/\/radiostudiow.com.br\/site\/wp-json\/wp\/v2\/users\/2"}],"replies":[{"embeddable":true,"href":"https:\/\/radiostudiow.com.br\/site\/wp-json\/wp\/v2\/comments?post=17263"}],"version-history":[{"count":3,"href":"https:\/\/radiostudiow.com.br\/site\/wp-json\/wp\/v2\/posts\/17263\/revisions"}],"predecessor-version":[{"id":17266,"href":"https:\/\/radiostudiow.com.br\/site\/wp-json\/wp\/v2\/posts\/17263\/revisions\/17266"}],"wp:featuredmedia":[{"embeddable":true,"href":"https:\/\/radiostudiow.com.br\/site\/wp-json\/wp\/v2\/media\/14798"}],"wp:attachment":[{"href":"https:\/\/radiostudiow.com.br\/site\/wp-json\/wp\/v2\/media?parent=17263"}],"wp:term":[{"taxonomy":"category","embeddable":true,"href":"https:\/\/radiostudiow.com.br\/site\/wp-json\/wp\/v2\/categories?post=17263"},{"taxonomy":"post_tag","embeddable":true,"href":"https:\/\/radiostudiow.com.br\/site\/wp-json\/wp\/v2\/tags?post=17263"}],"curies":[{"name":"wp","href":"https:\/\/api.w.org\/{rel}","templated":true}]}}