{"id":17269,"date":"2023-11-24T17:10:53","date_gmt":"2023-11-24T20:10:53","guid":{"rendered":"https:\/\/radiostudiow.com.br\/site\/?p=17269"},"modified":"2025-01-31T15:02:30","modified_gmt":"2025-01-31T18:02:30","slug":"cruz-machado-mulher-procura-pm-apos-ex-convivente-lhe-perseguir","status":"publish","type":"post","link":"https:\/\/radiostudiow.com.br\/site\/2023\/11\/24\/cruz-machado-mulher-procura-pm-apos-ex-convivente-lhe-perseguir\/","title":{"rendered":"CRUZ MACHADO: MULHER PROCURA PM AP\u00d3S EX-CONVIVENTE LHE PERSEGUIR"},"content":{"rendered":"\n<p>Uma mulher compareceu ao Pelot\u00e3o da Pol\u00edcia Militar de Cruz Machado por volta das 09:50 horas dessa quinta-feira, 23 de novembro, relatando difama\u00e7\u00e3o, les\u00e3o corporal, viol\u00eancia dom\u00e9stica e familiar.<\/p>\n\n\n\n<figure class=\"wp-block-image size-full\"><img loading=\"lazy\" decoding=\"async\" width=\"897\" height=\"204\" src=\"https:\/\/radiostudiow.com.br\/site\/wp-content\/uploads\/2023\/10\/SITE-GRANDE3.png\" alt=\"\" class=\"wp-image-16341\" srcset=\"https:\/\/radiostudiow.com.br\/site\/wp-content\/uploads\/2023\/10\/SITE-GRANDE3.png 897w, https:\/\/radiostudiow.com.br\/site\/wp-content\/uploads\/2023\/10\/SITE-GRANDE3-300x68.png 300w, https:\/\/radiostudiow.com.br\/site\/wp-content\/uploads\/2023\/10\/SITE-GRANDE3-768x175.png 768w\" sizes=\"auto, (max-width: 897px) 100vw, 897px\" \/><\/figure>\n\n\n\n<p>A solicitante relatou que est\u00e1 separada de seu convivente h\u00e1 quase 1 ano, durante esse per\u00edodo, ele tem frequentado sua resid\u00eancia, proferindo ofensas e praticando agress\u00f5es f\u00edsicas. Neste dia, ele apareceu enquanto a v\u00edtima estava dormindo, lhe agarrou pelos cabelos e a ofendeu de maneira repetitiva. Ap\u00f3s o incidente, a v\u00edtima conseguiu escapar.<\/p>\n\n\n\n<p>A solicitante informou que nunca fez nenhum registro anterior, mas que esse tipo de evento j\u00e1 ocorreu, inclusive na presen\u00e7a da filha do casal.<\/p>\n\n\n\n<p>Diante dos relatos a equipe policial orientou a v\u00edtima quanto aos procedimentos cab\u00edveis<\/p>\n","protected":false},"excerpt":{"rendered":"<p>Uma mulher compareceu ao Pelot\u00e3o da Pol\u00edcia Militar de Cruz Machado por volta das 09:50 horas dessa quinta-feira, 23 de novembro, relatando difama\u00e7\u00e3o, les\u00e3o corporal, viol\u00eancia dom\u00e9stica e familiar. A solicitante relatou que est\u00e1 separada de seu convivente h\u00e1 quase 1 ano, durante esse per\u00edodo, ele tem frequentado sua resid\u00eancia, proferindo ofensas e praticando agress\u00f5es [&hellip;]<\/p>\n","protected":false},"author":2,"featured_media":13773,"comment_status":"open","ping_status":"open","sticky":false,"template":"","format":"standard","meta":{"footnotes":""},"categories":[2],"tags":[172],"class_list":["post-17269","post","type-post","status-publish","format-standard","has-post-thumbnail","hentry","category-policial","tag-featured"],"amp_enabled":true,"_links":{"self":[{"href":"https:\/\/radiostudiow.com.br\/site\/wp-json\/wp\/v2\/posts\/17269","targetHints":{"allow":["GET"]}}],"collection":[{"href":"https:\/\/radiostudiow.com.br\/site\/wp-json\/wp\/v2\/posts"}],"about":[{"href":"https:\/\/radiostudiow.com.br\/site\/wp-json\/wp\/v2\/types\/post"}],"author":[{"embeddable":true,"href":"https:\/\/radiostudiow.com.br\/site\/wp-json\/wp\/v2\/users\/2"}],"replies":[{"embeddable":true,"href":"https:\/\/radiostudiow.com.br\/site\/wp-json\/wp\/v2\/comments?post=17269"}],"version-history":[{"count":3,"href":"https:\/\/radiostudiow.com.br\/site\/wp-json\/wp\/v2\/posts\/17269\/revisions"}],"predecessor-version":[{"id":17274,"href":"https:\/\/radiostudiow.com.br\/site\/wp-json\/wp\/v2\/posts\/17269\/revisions\/17274"}],"wp:featuredmedia":[{"embeddable":true,"href":"https:\/\/radiostudiow.com.br\/site\/wp-json\/wp\/v2\/media\/13773"}],"wp:attachment":[{"href":"https:\/\/radiostudiow.com.br\/site\/wp-json\/wp\/v2\/media?parent=17269"}],"wp:term":[{"taxonomy":"category","embeddable":true,"href":"https:\/\/radiostudiow.com.br\/site\/wp-json\/wp\/v2\/categories?post=17269"},{"taxonomy":"post_tag","embeddable":true,"href":"https:\/\/radiostudiow.com.br\/site\/wp-json\/wp\/v2\/tags?post=17269"}],"curies":[{"name":"wp","href":"https:\/\/api.w.org\/{rel}","templated":true}]}}