{"id":17296,"date":"2023-11-25T09:14:36","date_gmt":"2023-11-25T12:14:36","guid":{"rendered":"https:\/\/radiostudiow.com.br\/site\/?p=17296"},"modified":"2025-01-31T15:02:30","modified_gmt":"2025-01-31T18:02:30","slug":"paulo-frontim-som-de-carro-da-vigilancia-sanitaria-e-furtado","status":"publish","type":"post","link":"https:\/\/radiostudiow.com.br\/site\/2023\/11\/25\/paulo-frontim-som-de-carro-da-vigilancia-sanitaria-e-furtado\/","title":{"rendered":"PAULO FRONTIN: SOM DE CARRO DA VIGIL\u00c2NCIA SANIT\u00c1RIA \u00c9 FURTADO"},"content":{"rendered":"\n<p>A equipe da Pol\u00edcia Militar de Paulo Frontin foi acionada por volta das 09:00 horas dessa sexta-feira, 24 de novembro, para atender uma situa\u00e7\u00e3o de furto.<\/p>\n\n\n\n<figure class=\"wp-block-image size-full\"><img decoding=\"async\" src=\"https:\/\/radiostudiow.com.br\/site\/wp-content\/uploads\/2023\/10\/SITE-GRANDE-1.png\" alt=\"\" class=\"wp-image-16374\"\/><\/figure>\n\n\n\n<p>Os policiais se deslocaram at\u00e9 o local e foram recebidos por uma mulher, a qual se identificou como Coordenadora da Vigil\u00e2ncia Sanit\u00e1ria do munic\u00edpio, e passou a relatar que durante a noite o carro da secret\u00e1ria da Vigil\u00e2ncia Sanit\u00e1ria foi aberto e furtado a parte da frente do aparelho de som.<\/p>\n\n\n\n<p>Diante da situa\u00e7\u00e3o a equipe policial orientou a solicitante quantos aos procedimentos cab\u00edveis.<\/p>\n","protected":false},"excerpt":{"rendered":"<p>A equipe da Pol\u00edcia Militar de Paulo Frontin foi acionada por volta das 09:00 horas dessa sexta-feira, 24 de novembro, para atender uma situa\u00e7\u00e3o de furto. Os policiais se deslocaram at\u00e9 o local e foram recebidos por uma mulher, a qual se identificou como Coordenadora da Vigil\u00e2ncia Sanit\u00e1ria do munic\u00edpio, e passou a relatar que [&hellip;]<\/p>\n","protected":false},"author":2,"featured_media":11623,"comment_status":"open","ping_status":"open","sticky":false,"template":"","format":"standard","meta":{"footnotes":""},"categories":[2],"tags":[172],"class_list":["post-17296","post","type-post","status-publish","format-standard","has-post-thumbnail","hentry","category-policial","tag-featured"],"amp_enabled":true,"_links":{"self":[{"href":"https:\/\/radiostudiow.com.br\/site\/wp-json\/wp\/v2\/posts\/17296","targetHints":{"allow":["GET"]}}],"collection":[{"href":"https:\/\/radiostudiow.com.br\/site\/wp-json\/wp\/v2\/posts"}],"about":[{"href":"https:\/\/radiostudiow.com.br\/site\/wp-json\/wp\/v2\/types\/post"}],"author":[{"embeddable":true,"href":"https:\/\/radiostudiow.com.br\/site\/wp-json\/wp\/v2\/users\/2"}],"replies":[{"embeddable":true,"href":"https:\/\/radiostudiow.com.br\/site\/wp-json\/wp\/v2\/comments?post=17296"}],"version-history":[{"count":2,"href":"https:\/\/radiostudiow.com.br\/site\/wp-json\/wp\/v2\/posts\/17296\/revisions"}],"predecessor-version":[{"id":17302,"href":"https:\/\/radiostudiow.com.br\/site\/wp-json\/wp\/v2\/posts\/17296\/revisions\/17302"}],"wp:featuredmedia":[{"embeddable":true,"href":"https:\/\/radiostudiow.com.br\/site\/wp-json\/wp\/v2\/media\/11623"}],"wp:attachment":[{"href":"https:\/\/radiostudiow.com.br\/site\/wp-json\/wp\/v2\/media?parent=17296"}],"wp:term":[{"taxonomy":"category","embeddable":true,"href":"https:\/\/radiostudiow.com.br\/site\/wp-json\/wp\/v2\/categories?post=17296"},{"taxonomy":"post_tag","embeddable":true,"href":"https:\/\/radiostudiow.com.br\/site\/wp-json\/wp\/v2\/tags?post=17296"}],"curies":[{"name":"wp","href":"https:\/\/api.w.org\/{rel}","templated":true}]}}