{"id":17300,"date":"2023-11-25T09:36:48","date_gmt":"2023-11-25T12:36:48","guid":{"rendered":"https:\/\/radiostudiow.com.br\/site\/?p=17300"},"modified":"2025-01-31T15:02:30","modified_gmt":"2025-01-31T18:02:30","slug":"sao-joao-do-triunfo-homem-atropela-menina-de-13-anos-e-foge-sem-prestar-socorro","status":"publish","type":"post","link":"https:\/\/radiostudiow.com.br\/site\/2023\/11\/25\/sao-joao-do-triunfo-homem-atropela-menina-de-13-anos-e-foge-sem-prestar-socorro\/","title":{"rendered":"S\u00c3O JO\u00c3O DO TRIUNFO: HOMEM ATROPELA MENINA DE 13 ANOS E FOGE SEM PRESTAR SOCORRO"},"content":{"rendered":"\n<p>Um senhor compareceu ao Pelot\u00e3o da Pol\u00edcia Militar de S\u00e3o Jo\u00e3o do Triunfo por volta das 18:30 horas dessa sexta-feira, 24 de novembro, informando que sua filha de 13 anos de idade transitava, a p\u00e9, em via p\u00fablica, quando um ve\u00edculo a atropelou.<\/p>\n\n\n\n<figure class=\"wp-block-image size-full\"><img loading=\"lazy\" decoding=\"async\" width=\"897\" height=\"204\" src=\"https:\/\/radiostudiow.com.br\/site\/wp-content\/uploads\/2023\/10\/SITE-GRANDE3.png\" alt=\"\" class=\"wp-image-16341\" srcset=\"https:\/\/radiostudiow.com.br\/site\/wp-content\/uploads\/2023\/10\/SITE-GRANDE3.png 897w, https:\/\/radiostudiow.com.br\/site\/wp-content\/uploads\/2023\/10\/SITE-GRANDE3-300x68.png 300w, https:\/\/radiostudiow.com.br\/site\/wp-content\/uploads\/2023\/10\/SITE-GRANDE3-768x175.png 768w\" sizes=\"auto, (max-width: 897px) 100vw, 897px\" \/><\/figure>\n\n\n\n<p>O autom\u00f3vel seria uma Montana de cor vermelha, e eles n\u00e3o souberam informar a placa, mas que um transeunte teria dito que conhecia o condutor, morador da localidade de Rio Baio. O condutor do ve\u00edculo n\u00e3o parou para prestar socorro.<\/p>\n\n\n\n<p>O solicitante relatou que levou sua filha at\u00e9 o hospital, com seu carro particular. Do acidente resultou em escoria\u00e7\u00f5es leves em pernas, bra\u00e7os, face e suspeita de fratura no dedo m\u00ednimo da m\u00e3o direita. O pai da jovem foi orientado quanto aos procedimentos cab\u00edveis.<\/p>\n","protected":false},"excerpt":{"rendered":"<p>Um senhor compareceu ao Pelot\u00e3o da Pol\u00edcia Militar de S\u00e3o Jo\u00e3o do Triunfo por volta das 18:30 horas dessa sexta-feira, 24 de novembro, informando que sua filha de 13 anos de idade transitava, a p\u00e9, em via p\u00fablica, quando um ve\u00edculo a atropelou. O autom\u00f3vel seria uma Montana de cor vermelha, e eles n\u00e3o souberam [&hellip;]<\/p>\n","protected":false},"author":2,"featured_media":0,"comment_status":"open","ping_status":"open","sticky":false,"template":"","format":"standard","meta":{"footnotes":""},"categories":[2],"tags":[172],"class_list":["post-17300","post","type-post","status-publish","format-standard","hentry","category-policial","tag-featured"],"amp_enabled":true,"_links":{"self":[{"href":"https:\/\/radiostudiow.com.br\/site\/wp-json\/wp\/v2\/posts\/17300","targetHints":{"allow":["GET"]}}],"collection":[{"href":"https:\/\/radiostudiow.com.br\/site\/wp-json\/wp\/v2\/posts"}],"about":[{"href":"https:\/\/radiostudiow.com.br\/site\/wp-json\/wp\/v2\/types\/post"}],"author":[{"embeddable":true,"href":"https:\/\/radiostudiow.com.br\/site\/wp-json\/wp\/v2\/users\/2"}],"replies":[{"embeddable":true,"href":"https:\/\/radiostudiow.com.br\/site\/wp-json\/wp\/v2\/comments?post=17300"}],"version-history":[{"count":2,"href":"https:\/\/radiostudiow.com.br\/site\/wp-json\/wp\/v2\/posts\/17300\/revisions"}],"predecessor-version":[{"id":17306,"href":"https:\/\/radiostudiow.com.br\/site\/wp-json\/wp\/v2\/posts\/17300\/revisions\/17306"}],"wp:attachment":[{"href":"https:\/\/radiostudiow.com.br\/site\/wp-json\/wp\/v2\/media?parent=17300"}],"wp:term":[{"taxonomy":"category","embeddable":true,"href":"https:\/\/radiostudiow.com.br\/site\/wp-json\/wp\/v2\/categories?post=17300"},{"taxonomy":"post_tag","embeddable":true,"href":"https:\/\/radiostudiow.com.br\/site\/wp-json\/wp\/v2\/tags?post=17300"}],"curies":[{"name":"wp","href":"https:\/\/api.w.org\/{rel}","templated":true}]}}