{"id":17308,"date":"2023-11-25T10:47:59","date_gmt":"2023-11-25T13:47:59","guid":{"rendered":"https:\/\/radiostudiow.com.br\/site\/?p=17308"},"modified":"2025-01-31T15:02:30","modified_gmt":"2025-01-31T18:02:30","slug":"bituruna-pm-e-acionada-apos-jovem-atear-fogo-em-colchao-na-sua-residencia","status":"publish","type":"post","link":"https:\/\/radiostudiow.com.br\/site\/2023\/11\/25\/bituruna-pm-e-acionada-apos-jovem-atear-fogo-em-colchao-na-sua-residencia\/","title":{"rendered":"BITURUNA: PM \u00c9 ACIONADA AP\u00d3S JOVEM ATEAR FOGO EM COLCH\u00c3O NA SUA RESID\u00caNCIA"},"content":{"rendered":"\n<p>\u00a0A equipe da Pol\u00edcia Militar foi acionada para se deslocar at\u00e9 uma resid\u00eancia para atender uma situa\u00e7\u00e3o de les\u00e3o corporal por volta das 17:50 horas dessa sexta-feira (24).<\/p>\n\n\n\n<p>De acordo com a solicita\u00e7\u00e3o, o vizinho estaria ateando fogo na sua resid\u00eancia com sua fam\u00edlia dentro na rua das Orqu\u00eddeas no bairro Nossa Senhora Aparecida.<\/p>\n\n\n\n<figure class=\"wp-block-image size-full\"><img decoding=\"async\" src=\"https:\/\/radiostudiow.com.br\/site\/wp-content\/uploads\/2023\/10\/SITE-GRANDE-1.png\" alt=\"\" class=\"wp-image-16374\"\/><\/figure>\n\n\n\n<p><\/p>\n\n\n\n<p>Os policiais de imediato se deslocaram at\u00e9 o local e entraram em contato com a v\u00edtima, a qual relatou que seu filho \u00e9 usu\u00e1rio de drogas e quebrou uma centr\u00edfuga e diversos objetos, al\u00e9m de atear fogo em um colch\u00e3o.<\/p>\n\n\n\n<p>A mulher comprometeu a representar contra o autor que foi encontrado dentro dentro do seu quarto e com les\u00f5es aparentes no seu rosto, causados ap\u00f3s uma discuss\u00e3o com sua convivente.<\/p>\n\n\n\n<p>Dado voz de pris\u00e3o ao autor e encaminhado ao hospital S\u00e3o Vicente de Paula para atentar suas les\u00f5es e posteriormente \u00e0 4\u00aaSDP para provid\u00eancias Judici\u00e1ria.<\/p>\n","protected":false},"excerpt":{"rendered":"<p>\u00a0A equipe da Pol\u00edcia Militar foi acionada para se deslocar at\u00e9 uma resid\u00eancia para atender uma situa\u00e7\u00e3o de les\u00e3o corporal por volta das 17:50 horas dessa sexta-feira (24). De acordo com a solicita\u00e7\u00e3o, o vizinho estaria ateando fogo na sua resid\u00eancia com sua fam\u00edlia dentro na rua das Orqu\u00eddeas no bairro Nossa Senhora Aparecida. Os [&hellip;]<\/p>\n","protected":false},"author":2,"featured_media":13941,"comment_status":"open","ping_status":"open","sticky":false,"template":"","format":"standard","meta":{"footnotes":""},"categories":[2],"tags":[172],"class_list":["post-17308","post","type-post","status-publish","format-standard","has-post-thumbnail","hentry","category-policial","tag-featured"],"amp_enabled":true,"_links":{"self":[{"href":"https:\/\/radiostudiow.com.br\/site\/wp-json\/wp\/v2\/posts\/17308","targetHints":{"allow":["GET"]}}],"collection":[{"href":"https:\/\/radiostudiow.com.br\/site\/wp-json\/wp\/v2\/posts"}],"about":[{"href":"https:\/\/radiostudiow.com.br\/site\/wp-json\/wp\/v2\/types\/post"}],"author":[{"embeddable":true,"href":"https:\/\/radiostudiow.com.br\/site\/wp-json\/wp\/v2\/users\/2"}],"replies":[{"embeddable":true,"href":"https:\/\/radiostudiow.com.br\/site\/wp-json\/wp\/v2\/comments?post=17308"}],"version-history":[{"count":2,"href":"https:\/\/radiostudiow.com.br\/site\/wp-json\/wp\/v2\/posts\/17308\/revisions"}],"predecessor-version":[{"id":17310,"href":"https:\/\/radiostudiow.com.br\/site\/wp-json\/wp\/v2\/posts\/17308\/revisions\/17310"}],"wp:featuredmedia":[{"embeddable":true,"href":"https:\/\/radiostudiow.com.br\/site\/wp-json\/wp\/v2\/media\/13941"}],"wp:attachment":[{"href":"https:\/\/radiostudiow.com.br\/site\/wp-json\/wp\/v2\/media?parent=17308"}],"wp:term":[{"taxonomy":"category","embeddable":true,"href":"https:\/\/radiostudiow.com.br\/site\/wp-json\/wp\/v2\/categories?post=17308"},{"taxonomy":"post_tag","embeddable":true,"href":"https:\/\/radiostudiow.com.br\/site\/wp-json\/wp\/v2\/tags?post=17308"}],"curies":[{"name":"wp","href":"https:\/\/api.w.org\/{rel}","templated":true}]}}