{"id":17312,"date":"2023-11-25T11:16:26","date_gmt":"2023-11-25T14:16:26","guid":{"rendered":"https:\/\/radiostudiow.com.br\/site\/?p=17312"},"modified":"2025-01-31T15:02:30","modified_gmt":"2025-01-31T18:02:30","slug":"uniao-da-vitoria-pm-apreende-veiculo-com-dependencia-e-drogas-com-ocupantes","status":"publish","type":"post","link":"https:\/\/radiostudiow.com.br\/site\/2023\/11\/25\/uniao-da-vitoria-pm-apreende-veiculo-com-dependencia-e-drogas-com-ocupantes\/","title":{"rendered":"UNI\u00c3O DA VIT\u00d3RIA: PM APREENDE VE\u00cdCULO COM DEPEND\u00caNCIA E DROGAS COM OCUPANTES"},"content":{"rendered":"\n<p>A equipe da Pol\u00edcia Militar de Uni\u00e3o da Vit\u00f3ria estava em patrulhamento pela rua Marechal Deodoro por volta das 21:43 horas dessa sexta-feira, 24 de novembro, momento que visualizou um ve\u00edculo e o condutor apresentou nervosismo.<\/p>\n\n\n\n<figure class=\"wp-block-image size-full\"><img decoding=\"async\" src=\"https:\/\/radiostudiow.com.br\/site\/wp-content\/uploads\/2023\/10\/SITE-GRANDE4.png\" alt=\"\" class=\"wp-image-16367\"\/><\/figure>\n\n\n\n<p>Os policiais realizaram abordagem do GM Corsa Classic na cor preta, com dois ocupantes no interior, na busca pessoal em um dos ocupantes foi localizado dentro do cal\u00e7\u00e3o uma por\u00e7\u00e3o de subst\u00e2ncia an\u00e1loga a maconha.<\/p>\n\n\n\n<p>Diante dos fatos o ve\u00edculo que estava com pend\u00eancias administrativas foi recolhido ao P\u00e1tio do 27\u00ba BPM e autor juntamente objeto il\u00edcito foi encaminhado para a realiza\u00e7\u00e3o de termo circunstanciado.<\/p>\n","protected":false},"excerpt":{"rendered":"<p>A equipe da Pol\u00edcia Militar de Uni\u00e3o da Vit\u00f3ria estava em patrulhamento pela rua Marechal Deodoro por volta das 21:43 horas dessa sexta-feira, 24 de novembro, momento que visualizou um ve\u00edculo e o condutor apresentou nervosismo. Os policiais realizaram abordagem do GM Corsa Classic na cor preta, com dois ocupantes no interior, na busca pessoal [&hellip;]<\/p>\n","protected":false},"author":2,"featured_media":14232,"comment_status":"open","ping_status":"open","sticky":false,"template":"","format":"standard","meta":{"footnotes":""},"categories":[2],"tags":[172],"class_list":["post-17312","post","type-post","status-publish","format-standard","has-post-thumbnail","hentry","category-policial","tag-featured"],"amp_enabled":true,"_links":{"self":[{"href":"https:\/\/radiostudiow.com.br\/site\/wp-json\/wp\/v2\/posts\/17312","targetHints":{"allow":["GET"]}}],"collection":[{"href":"https:\/\/radiostudiow.com.br\/site\/wp-json\/wp\/v2\/posts"}],"about":[{"href":"https:\/\/radiostudiow.com.br\/site\/wp-json\/wp\/v2\/types\/post"}],"author":[{"embeddable":true,"href":"https:\/\/radiostudiow.com.br\/site\/wp-json\/wp\/v2\/users\/2"}],"replies":[{"embeddable":true,"href":"https:\/\/radiostudiow.com.br\/site\/wp-json\/wp\/v2\/comments?post=17312"}],"version-history":[{"count":2,"href":"https:\/\/radiostudiow.com.br\/site\/wp-json\/wp\/v2\/posts\/17312\/revisions"}],"predecessor-version":[{"id":17314,"href":"https:\/\/radiostudiow.com.br\/site\/wp-json\/wp\/v2\/posts\/17312\/revisions\/17314"}],"wp:featuredmedia":[{"embeddable":true,"href":"https:\/\/radiostudiow.com.br\/site\/wp-json\/wp\/v2\/media\/14232"}],"wp:attachment":[{"href":"https:\/\/radiostudiow.com.br\/site\/wp-json\/wp\/v2\/media?parent=17312"}],"wp:term":[{"taxonomy":"category","embeddable":true,"href":"https:\/\/radiostudiow.com.br\/site\/wp-json\/wp\/v2\/categories?post=17312"},{"taxonomy":"post_tag","embeddable":true,"href":"https:\/\/radiostudiow.com.br\/site\/wp-json\/wp\/v2\/tags?post=17312"}],"curies":[{"name":"wp","href":"https:\/\/api.w.org\/{rel}","templated":true}]}}