{"id":17320,"date":"2023-11-26T16:58:51","date_gmt":"2023-11-26T19:58:51","guid":{"rendered":"https:\/\/radiostudiow.com.br\/site\/?p=17320"},"modified":"2025-01-31T15:02:30","modified_gmt":"2025-01-31T18:02:30","slug":"homem-e-vitima-de-tentativa-de-homicidio-em-mallet","status":"publish","type":"post","link":"https:\/\/radiostudiow.com.br\/site\/2023\/11\/26\/homem-e-vitima-de-tentativa-de-homicidio-em-mallet\/","title":{"rendered":"HOMEM \u00c9 V\u00cdTIMA DE TENTATIVA DE HOMIC\u00cdDIO EM MALLET"},"content":{"rendered":"\n<figure class=\"wp-block-image size-full\"><img decoding=\"async\" src=\"https:\/\/radiostudiow.com.br\/site\/wp-content\/uploads\/2022\/05\/NUTRI-MALLET.jpg\" alt=\"\" class=\"wp-image-7282\"\/><\/figure>\n\n\n\n<p>Na noite deste s\u00e1bado (25), por volta das 20:30 horas, a equipe da Pol\u00edcia Militar de Mallet recebeu uma solicita\u00e7\u00e3o an\u00f4nima de que em via p\u00fablica na \u00e1rea central um homem teria sido esfaqueado.<br>Os policiais seguiram at\u00e9 a Rua Santos Dumont e fizeram contato com uma pessoa relatando que estava na sua casa com um homem o qual teria sido esfaqueado.<br>De acordo com a testemunha, eles estavam tomando chimarr\u00e3o e em determinado momento chegou um indiv\u00edduo e adentrou na sala da casa e de posse de uma faca foi em dire\u00e7\u00e3o da v\u00edtima e golpeou na regi\u00e3o do abd\u00f4men.<br>Ainda segundo o relato, em seguida o acusado saiu do local em um ve\u00edculo Volkswagen\/Gol de cor branca, sentindo a rodovia. A mulher n\u00e3o soube informar a placa do autom\u00f3vel.<br>Diante das informa\u00e7\u00f5es, a v\u00edtima foi encaminhada de ambul\u00e2ncia juntamente com a equipe do Corpo de Bombeiros Comunit\u00e1rio de Mallet at\u00e9 ao Hospital de Caridade S\u00e3o Pedro.<br>J\u00e1 o autor, n\u00e3o foi localizado.<\/p>\n\n\n\n<p>FONTE: 27\u00baBPM e Corpo de Bombeiros Comunit\u00e1rios de Mallet.<\/p>\n\n\n\n<figure class=\"wp-block-image size-full\"><img decoding=\"async\" src=\"https:\/\/radiostudiow.com.br\/site\/wp-content\/uploads\/2023\/08\/image-127.png\" alt=\"\" class=\"wp-image-14660\"\/><\/figure>\n","protected":false},"excerpt":{"rendered":"<p>Na noite deste s\u00e1bado (25), por volta das 20:30 horas, a equipe da Pol\u00edcia Militar de Mallet recebeu uma solicita\u00e7\u00e3o an\u00f4nima de que em via p\u00fablica na \u00e1rea central um homem teria sido esfaqueado.Os policiais seguiram at\u00e9 a Rua Santos Dumont e fizeram contato com uma pessoa relatando que estava na sua casa com um [&hellip;]<\/p>\n","protected":false},"author":2,"featured_media":12720,"comment_status":"open","ping_status":"open","sticky":false,"template":"","format":"standard","meta":{"footnotes":""},"categories":[184,2],"tags":[172],"class_list":["post-17320","post","type-post","status-publish","format-standard","has-post-thumbnail","hentry","category-local","category-policial","tag-featured"],"amp_enabled":true,"_links":{"self":[{"href":"https:\/\/radiostudiow.com.br\/site\/wp-json\/wp\/v2\/posts\/17320","targetHints":{"allow":["GET"]}}],"collection":[{"href":"https:\/\/radiostudiow.com.br\/site\/wp-json\/wp\/v2\/posts"}],"about":[{"href":"https:\/\/radiostudiow.com.br\/site\/wp-json\/wp\/v2\/types\/post"}],"author":[{"embeddable":true,"href":"https:\/\/radiostudiow.com.br\/site\/wp-json\/wp\/v2\/users\/2"}],"replies":[{"embeddable":true,"href":"https:\/\/radiostudiow.com.br\/site\/wp-json\/wp\/v2\/comments?post=17320"}],"version-history":[{"count":1,"href":"https:\/\/radiostudiow.com.br\/site\/wp-json\/wp\/v2\/posts\/17320\/revisions"}],"predecessor-version":[{"id":17321,"href":"https:\/\/radiostudiow.com.br\/site\/wp-json\/wp\/v2\/posts\/17320\/revisions\/17321"}],"wp:featuredmedia":[{"embeddable":true,"href":"https:\/\/radiostudiow.com.br\/site\/wp-json\/wp\/v2\/media\/12720"}],"wp:attachment":[{"href":"https:\/\/radiostudiow.com.br\/site\/wp-json\/wp\/v2\/media?parent=17320"}],"wp:term":[{"taxonomy":"category","embeddable":true,"href":"https:\/\/radiostudiow.com.br\/site\/wp-json\/wp\/v2\/categories?post=17320"},{"taxonomy":"post_tag","embeddable":true,"href":"https:\/\/radiostudiow.com.br\/site\/wp-json\/wp\/v2\/tags?post=17320"}],"curies":[{"name":"wp","href":"https:\/\/api.w.org\/{rel}","templated":true}]}}