{"id":17325,"date":"2023-11-27T10:28:49","date_gmt":"2023-11-27T13:28:49","guid":{"rendered":"https:\/\/radiostudiow.com.br\/site\/?p=17325"},"modified":"2025-01-31T15:02:30","modified_gmt":"2025-01-31T18:02:30","slug":"pm-de-mallet-registra-furto-de-fios-de-energia-na-colonia-zawada","status":"publish","type":"post","link":"https:\/\/radiostudiow.com.br\/site\/2023\/11\/27\/pm-de-mallet-registra-furto-de-fios-de-energia-na-colonia-zawada\/","title":{"rendered":"PM DE MALLET REGISTRA FURTO DE FIOS DE ENERGIA NA COL\u00d4NIA ZAWADA"},"content":{"rendered":"\n<p>A equipe da Pol\u00edcia Militar de Mallet recebeu uma solicita\u00e7\u00e3o por volta das 13:10 horas desse s\u00e1bado, 25 de novembro, para se deslocar at\u00e9 a Col\u00f4nia Zawada ap\u00f3s ocorrer uma situa\u00e7\u00e3o de furto.<\/p>\n\n\n\n<figure class=\"wp-block-image size-full\"><img decoding=\"async\" src=\"https:\/\/radiostudiow.com.br\/site\/wp-content\/uploads\/2023\/10\/SITE-MEDIO2.png\" alt=\"\" class=\"wp-image-16334\"\/><\/figure>\n\n\n\n<p>De acordo com o solicitante, possui um s\u00edtio no local e quando chegou na sua propriedade constatou que o rel\u00f3gio do padr\u00e3o de energia e fios do poste teriam sido furtados.<\/p>\n\n\n\n<p>A equipe policial orientou a v\u00edtima quanto aos procedimentos ceb\u00edveis.<\/p>\n","protected":false},"excerpt":{"rendered":"<p>A equipe da Pol\u00edcia Militar de Mallet recebeu uma solicita\u00e7\u00e3o por volta das 13:10 horas desse s\u00e1bado, 25 de novembro, para se deslocar at\u00e9 a Col\u00f4nia Zawada ap\u00f3s ocorrer uma situa\u00e7\u00e3o de furto. De acordo com o solicitante, possui um s\u00edtio no local e quando chegou na sua propriedade constatou que o rel\u00f3gio do padr\u00e3o [&hellip;]<\/p>\n","protected":false},"author":2,"featured_media":17329,"comment_status":"open","ping_status":"open","sticky":false,"template":"","format":"standard","meta":{"footnotes":""},"categories":[2],"tags":[172],"class_list":["post-17325","post","type-post","status-publish","format-standard","has-post-thumbnail","hentry","category-policial","tag-featured"],"amp_enabled":true,"_links":{"self":[{"href":"https:\/\/radiostudiow.com.br\/site\/wp-json\/wp\/v2\/posts\/17325","targetHints":{"allow":["GET"]}}],"collection":[{"href":"https:\/\/radiostudiow.com.br\/site\/wp-json\/wp\/v2\/posts"}],"about":[{"href":"https:\/\/radiostudiow.com.br\/site\/wp-json\/wp\/v2\/types\/post"}],"author":[{"embeddable":true,"href":"https:\/\/radiostudiow.com.br\/site\/wp-json\/wp\/v2\/users\/2"}],"replies":[{"embeddable":true,"href":"https:\/\/radiostudiow.com.br\/site\/wp-json\/wp\/v2\/comments?post=17325"}],"version-history":[{"count":3,"href":"https:\/\/radiostudiow.com.br\/site\/wp-json\/wp\/v2\/posts\/17325\/revisions"}],"predecessor-version":[{"id":17330,"href":"https:\/\/radiostudiow.com.br\/site\/wp-json\/wp\/v2\/posts\/17325\/revisions\/17330"}],"wp:featuredmedia":[{"embeddable":true,"href":"https:\/\/radiostudiow.com.br\/site\/wp-json\/wp\/v2\/media\/17329"}],"wp:attachment":[{"href":"https:\/\/radiostudiow.com.br\/site\/wp-json\/wp\/v2\/media?parent=17325"}],"wp:term":[{"taxonomy":"category","embeddable":true,"href":"https:\/\/radiostudiow.com.br\/site\/wp-json\/wp\/v2\/categories?post=17325"},{"taxonomy":"post_tag","embeddable":true,"href":"https:\/\/radiostudiow.com.br\/site\/wp-json\/wp\/v2\/tags?post=17325"}],"curies":[{"name":"wp","href":"https:\/\/api.w.org\/{rel}","templated":true}]}}