{"id":17331,"date":"2023-11-27T11:30:27","date_gmt":"2023-11-27T14:30:27","guid":{"rendered":"https:\/\/radiostudiow.com.br\/site\/?p=17331"},"modified":"2025-01-31T15:02:29","modified_gmt":"2025-01-31T18:02:29","slug":"capela-da-localidade-serra-vermelha-em-mallet-e-alvo-de-furto","status":"publish","type":"post","link":"https:\/\/radiostudiow.com.br\/site\/2023\/11\/27\/capela-da-localidade-serra-vermelha-em-mallet-e-alvo-de-furto\/","title":{"rendered":"CAPELA DA LOCALIDADE SERRA VERMELHA EM MALLET \u00c9 ALVO DE FURTO"},"content":{"rendered":"\n<p>A equipe da Pol\u00edcia Militar de Mallet registrou um segundo furto durante o final de semana, na localidade da Serra Vermelha. A equipe da Pol\u00edcia Militar de Mallet foi acionada por volta das 09:00 horas desse s\u00e1bado (25).<\/p>\n\n\n\n<figure class=\"wp-block-image size-full\"><img decoding=\"async\" src=\"https:\/\/radiostudiow.com.br\/site\/wp-content\/uploads\/2023\/10\/SITE-GRANDE2.png\" alt=\"\" class=\"wp-image-16368\"\/><\/figure>\n\n\n\n<p>O solicitante, o qual \u00e9 membro da diretoria da igreja, afirmou que a capela da comunidade foi arrombada e diversos objetos foram furtados, no local os policiais contataram que duas portas laterais foram arrombadas, interior foi revirados, v\u00e1rias coisas foram furtadas e constatou que o furto da rede el\u00e9trica.<\/p>\n\n\n\n<p>O solicitante tamb\u00e9m mencionou ter conversado com vizinhos que residem nas proximidades, os quais, relataram ter ouvido barulhos de um ve\u00edculo no local.<\/p>\n\n\n\n<p>Diante da situa\u00e7\u00e3o as partes foram orientadas a tomarem as devidas provid\u00eancias cab\u00edveis.<\/p>\n","protected":false},"excerpt":{"rendered":"<p>A equipe da Pol\u00edcia Militar de Mallet registrou um segundo furto durante o final de semana, na localidade da Serra Vermelha. A equipe da Pol\u00edcia Militar de Mallet foi acionada por volta das 09:00 horas desse s\u00e1bado (25). O solicitante, o qual \u00e9 membro da diretoria da igreja, afirmou que a capela da comunidade foi [&hellip;]<\/p>\n","protected":false},"author":2,"featured_media":8803,"comment_status":"open","ping_status":"open","sticky":false,"template":"","format":"standard","meta":{"footnotes":""},"categories":[2],"tags":[172],"class_list":["post-17331","post","type-post","status-publish","format-standard","has-post-thumbnail","hentry","category-policial","tag-featured"],"amp_enabled":true,"_links":{"self":[{"href":"https:\/\/radiostudiow.com.br\/site\/wp-json\/wp\/v2\/posts\/17331","targetHints":{"allow":["GET"]}}],"collection":[{"href":"https:\/\/radiostudiow.com.br\/site\/wp-json\/wp\/v2\/posts"}],"about":[{"href":"https:\/\/radiostudiow.com.br\/site\/wp-json\/wp\/v2\/types\/post"}],"author":[{"embeddable":true,"href":"https:\/\/radiostudiow.com.br\/site\/wp-json\/wp\/v2\/users\/2"}],"replies":[{"embeddable":true,"href":"https:\/\/radiostudiow.com.br\/site\/wp-json\/wp\/v2\/comments?post=17331"}],"version-history":[{"count":2,"href":"https:\/\/radiostudiow.com.br\/site\/wp-json\/wp\/v2\/posts\/17331\/revisions"}],"predecessor-version":[{"id":17340,"href":"https:\/\/radiostudiow.com.br\/site\/wp-json\/wp\/v2\/posts\/17331\/revisions\/17340"}],"wp:featuredmedia":[{"embeddable":true,"href":"https:\/\/radiostudiow.com.br\/site\/wp-json\/wp\/v2\/media\/8803"}],"wp:attachment":[{"href":"https:\/\/radiostudiow.com.br\/site\/wp-json\/wp\/v2\/media?parent=17331"}],"wp:term":[{"taxonomy":"category","embeddable":true,"href":"https:\/\/radiostudiow.com.br\/site\/wp-json\/wp\/v2\/categories?post=17331"},{"taxonomy":"post_tag","embeddable":true,"href":"https:\/\/radiostudiow.com.br\/site\/wp-json\/wp\/v2\/tags?post=17331"}],"curies":[{"name":"wp","href":"https:\/\/api.w.org\/{rel}","templated":true}]}}