{"id":17335,"date":"2023-11-27T12:04:52","date_gmt":"2023-11-27T15:04:52","guid":{"rendered":"https:\/\/radiostudiow.com.br\/site\/?p=17335"},"modified":"2025-01-31T15:02:29","modified_gmt":"2025-01-31T18:02:29","slug":"senhor-e-gravemente-espancado-por-quatro-pessoas-em-paulo-frontin-um-autor-foi-preso","status":"publish","type":"post","link":"https:\/\/radiostudiow.com.br\/site\/2023\/11\/27\/senhor-e-gravemente-espancado-por-quatro-pessoas-em-paulo-frontin-um-autor-foi-preso\/","title":{"rendered":"SENHOR \u00c9 GRAVEMENTE AGREDIDO POR QUATRO PESSOAS EM PAULO FRONTIN. UM AUTOR FOI PRESO"},"content":{"rendered":"\n<p>A equipe da Pol\u00edcia Militar de Paulo Frontin foi acionada para atender uma situa\u00e7\u00e3o de les\u00e3o corporal onde um grupo de pessoas haviam agredido um senhor em um bar por volta das 16:00 horas desse s\u00e1bado, 25 de novembro, na \u00e1rea central da cidade.<\/p>\n\n\n\n<figure class=\"wp-block-image size-full\"><img decoding=\"async\" src=\"https:\/\/radiostudiow.com.br\/site\/wp-content\/uploads\/2023\/10\/SITE-GRANDE4.png\" alt=\"\" class=\"wp-image-16367\"\/><\/figure>\n\n\n\n<p>Diante dos relatos, a equipe policial se deslocou at\u00e9 o local onde foram informados que quatro pessoas agrediram a v\u00edtima e fugiram do local. Tamb\u00e9m foi relatado que a v\u00edtima foi conduzida ao pronto atendimento.<\/p>\n\n\n\n<p>A equipe se deslocou at\u00e9 o local e entrou em contato com a v\u00edtima, sendo atendida pela equipe de urg\u00eancia. O senhor apresentava diversas les\u00f5es no rosto, impossibilitando de se comunicar.<\/p>\n\n\n\n<p>A equipe m\u00e9dica informou que devido \u00e0 gravidade das les\u00f5es, a v\u00edtima seria transferida para o Hospital de Uni\u00e3o da Vit\u00f3ria. Diante dos fatos, os policiais realizaram patrulhamento nas imedia\u00e7\u00f5es afim de localizar os suspeitos.<\/p>\n\n\n\n<p>Um dos autores foi encontrado, recebeu voz de pris\u00e3o e foi encaminhado at\u00e9 a 4\u00aa Subdivis\u00e3o policial em Uni\u00e3o da Vit\u00f3ria para as provid\u00eancias cab\u00edveis.<\/p>\n","protected":false},"excerpt":{"rendered":"<p>A equipe da Pol\u00edcia Militar de Paulo Frontin foi acionada para atender uma situa\u00e7\u00e3o de les\u00e3o corporal onde um grupo de pessoas haviam agredido um senhor em um bar por volta das 16:00 horas desse s\u00e1bado, 25 de novembro, na \u00e1rea central da cidade. Diante dos relatos, a equipe policial se deslocou at\u00e9 o local [&hellip;]<\/p>\n","protected":false},"author":2,"featured_media":14373,"comment_status":"open","ping_status":"open","sticky":false,"template":"","format":"standard","meta":{"footnotes":""},"categories":[2],"tags":[172],"class_list":["post-17335","post","type-post","status-publish","format-standard","has-post-thumbnail","hentry","category-policial","tag-featured"],"amp_enabled":true,"_links":{"self":[{"href":"https:\/\/radiostudiow.com.br\/site\/wp-json\/wp\/v2\/posts\/17335","targetHints":{"allow":["GET"]}}],"collection":[{"href":"https:\/\/radiostudiow.com.br\/site\/wp-json\/wp\/v2\/posts"}],"about":[{"href":"https:\/\/radiostudiow.com.br\/site\/wp-json\/wp\/v2\/types\/post"}],"author":[{"embeddable":true,"href":"https:\/\/radiostudiow.com.br\/site\/wp-json\/wp\/v2\/users\/2"}],"replies":[{"embeddable":true,"href":"https:\/\/radiostudiow.com.br\/site\/wp-json\/wp\/v2\/comments?post=17335"}],"version-history":[{"count":3,"href":"https:\/\/radiostudiow.com.br\/site\/wp-json\/wp\/v2\/posts\/17335\/revisions"}],"predecessor-version":[{"id":17359,"href":"https:\/\/radiostudiow.com.br\/site\/wp-json\/wp\/v2\/posts\/17335\/revisions\/17359"}],"wp:featuredmedia":[{"embeddable":true,"href":"https:\/\/radiostudiow.com.br\/site\/wp-json\/wp\/v2\/media\/14373"}],"wp:attachment":[{"href":"https:\/\/radiostudiow.com.br\/site\/wp-json\/wp\/v2\/media?parent=17335"}],"wp:term":[{"taxonomy":"category","embeddable":true,"href":"https:\/\/radiostudiow.com.br\/site\/wp-json\/wp\/v2\/categories?post=17335"},{"taxonomy":"post_tag","embeddable":true,"href":"https:\/\/radiostudiow.com.br\/site\/wp-json\/wp\/v2\/tags?post=17335"}],"curies":[{"name":"wp","href":"https:\/\/api.w.org\/{rel}","templated":true}]}}