{"id":17337,"date":"2023-11-27T12:15:03","date_gmt":"2023-11-27T15:15:03","guid":{"rendered":"https:\/\/radiostudiow.com.br\/site\/?p=17337"},"modified":"2025-01-31T15:02:29","modified_gmt":"2025-01-31T18:02:29","slug":"pm-de-mallet-registra-infracao-de-transito-na-area-central","status":"publish","type":"post","link":"https:\/\/radiostudiow.com.br\/site\/2023\/11\/27\/pm-de-mallet-registra-infracao-de-transito-na-area-central\/","title":{"rendered":"PM DE MALLET REGISTRA INFRA\u00c7\u00c3O DE TR\u00c2NSITO NA \u00c1REA CENTRAL"},"content":{"rendered":"\n<p>Pol\u00edcia Militar de Mallet estava realizando patrulhamento pela \u00e1rea central da cidade para verificar poss\u00edvel infra\u00e7\u00e3o de tr\u00e2nsito por volta das 20:14 horas desse s\u00e1bado (25).<\/p>\n\n\n\n<figure class=\"wp-block-image size-full\"><img loading=\"lazy\" decoding=\"async\" width=\"598\" height=\"204\" src=\"https:\/\/radiostudiow.com.br\/site\/wp-content\/uploads\/2023\/10\/SITE-MEDIO.png\" alt=\"\" class=\"wp-image-16319\" srcset=\"https:\/\/radiostudiow.com.br\/site\/wp-content\/uploads\/2023\/10\/SITE-MEDIO.png 598w, https:\/\/radiostudiow.com.br\/site\/wp-content\/uploads\/2023\/10\/SITE-MEDIO-300x102.png 300w\" sizes=\"auto, (max-width: 598px) 100vw, 598px\" \/><\/figure>\n\n\n\n<p>No local foi constatado tratar-se de um estabelecimento comercial aonde havia v\u00e1rios ve\u00edculos estacionados na rua e parte em cima do passeio.<\/p>\n\n\n\n<p>O propriet\u00e1rio do local foi orientado para que pedisse aos seus clientes sobre a utiliza\u00e7\u00e3o do estacionamento devido que a rua \u00e9 estreita.<\/p>\n","protected":false},"excerpt":{"rendered":"<p>Pol\u00edcia Militar de Mallet estava realizando patrulhamento pela \u00e1rea central da cidade para verificar poss\u00edvel infra\u00e7\u00e3o de tr\u00e2nsito por volta das 20:14 horas desse s\u00e1bado (25). No local foi constatado tratar-se de um estabelecimento comercial aonde havia v\u00e1rios ve\u00edculos estacionados na rua e parte em cima do passeio. O propriet\u00e1rio do local foi orientado para [&hellip;]<\/p>\n","protected":false},"author":2,"featured_media":13458,"comment_status":"open","ping_status":"open","sticky":false,"template":"","format":"standard","meta":{"footnotes":""},"categories":[2],"tags":[172],"class_list":["post-17337","post","type-post","status-publish","format-standard","has-post-thumbnail","hentry","category-policial","tag-featured"],"amp_enabled":true,"_links":{"self":[{"href":"https:\/\/radiostudiow.com.br\/site\/wp-json\/wp\/v2\/posts\/17337","targetHints":{"allow":["GET"]}}],"collection":[{"href":"https:\/\/radiostudiow.com.br\/site\/wp-json\/wp\/v2\/posts"}],"about":[{"href":"https:\/\/radiostudiow.com.br\/site\/wp-json\/wp\/v2\/types\/post"}],"author":[{"embeddable":true,"href":"https:\/\/radiostudiow.com.br\/site\/wp-json\/wp\/v2\/users\/2"}],"replies":[{"embeddable":true,"href":"https:\/\/radiostudiow.com.br\/site\/wp-json\/wp\/v2\/comments?post=17337"}],"version-history":[{"count":2,"href":"https:\/\/radiostudiow.com.br\/site\/wp-json\/wp\/v2\/posts\/17337\/revisions"}],"predecessor-version":[{"id":17343,"href":"https:\/\/radiostudiow.com.br\/site\/wp-json\/wp\/v2\/posts\/17337\/revisions\/17343"}],"wp:featuredmedia":[{"embeddable":true,"href":"https:\/\/radiostudiow.com.br\/site\/wp-json\/wp\/v2\/media\/13458"}],"wp:attachment":[{"href":"https:\/\/radiostudiow.com.br\/site\/wp-json\/wp\/v2\/media?parent=17337"}],"wp:term":[{"taxonomy":"category","embeddable":true,"href":"https:\/\/radiostudiow.com.br\/site\/wp-json\/wp\/v2\/categories?post=17337"},{"taxonomy":"post_tag","embeddable":true,"href":"https:\/\/radiostudiow.com.br\/site\/wp-json\/wp\/v2\/tags?post=17337"}],"curies":[{"name":"wp","href":"https:\/\/api.w.org\/{rel}","templated":true}]}}