{"id":17354,"date":"2023-11-27T20:19:46","date_gmt":"2023-11-27T23:19:46","guid":{"rendered":"https:\/\/radiostudiow.com.br\/site\/?p=17354"},"modified":"2025-01-31T15:02:29","modified_gmt":"2025-01-31T18:02:29","slug":"pm-de-mallet-e-acionada-para-verificar-briga-em-via-publica","status":"publish","type":"post","link":"https:\/\/radiostudiow.com.br\/site\/2023\/11\/27\/pm-de-mallet-e-acionada-para-verificar-briga-em-via-publica\/","title":{"rendered":"PM DE MALLET \u00c9 ACIONADA PARA VERIFICAR BRIGA EM VIA P\u00daBLICA"},"content":{"rendered":"\n<p>A equipe da Pol\u00edcia Militar de Mallet foi acionada para atender uma briga na rua do bairro Vila S\u00e3o Pedro por volta das 20:00 horas desse s\u00e1bado (25).<\/p>\n\n\n\n<figure class=\"wp-block-image size-full\"><img loading=\"lazy\" decoding=\"async\" width=\"897\" height=\"204\" src=\"https:\/\/radiostudiow.com.br\/site\/wp-content\/uploads\/2023\/10\/SITE-GRANDE.png\" alt=\"\" class=\"wp-image-16338\" srcset=\"https:\/\/radiostudiow.com.br\/site\/wp-content\/uploads\/2023\/10\/SITE-GRANDE.png 897w, https:\/\/radiostudiow.com.br\/site\/wp-content\/uploads\/2023\/10\/SITE-GRANDE-300x68.png 300w, https:\/\/radiostudiow.com.br\/site\/wp-content\/uploads\/2023\/10\/SITE-GRANDE-768x175.png 768w\" sizes=\"auto, (max-width: 897px) 100vw, 897px\" \/><\/figure>\n\n\n\n<p>De acordo com a solicita\u00e7\u00e3o, haviam pelo menos umas cinco pessoas estavam brigando em via p\u00fablica, no local a equipe entrou em contato com vizinhos os quais relataram n\u00e3o ter visto tal fato.<\/p>\n\n\n\n<p>A equipe realizou patrulhamento pelo local, mas nada foi constatado.<\/p>\n","protected":false},"excerpt":{"rendered":"<p>A equipe da Pol\u00edcia Militar de Mallet foi acionada para atender uma briga na rua do bairro Vila S\u00e3o Pedro por volta das 20:00 horas desse s\u00e1bado (25). De acordo com a solicita\u00e7\u00e3o, haviam pelo menos umas cinco pessoas estavam brigando em via p\u00fablica, no local a equipe entrou em contato com vizinhos os quais [&hellip;]<\/p>\n","protected":false},"author":2,"featured_media":0,"comment_status":"open","ping_status":"open","sticky":false,"template":"","format":"standard","meta":{"footnotes":""},"categories":[2],"tags":[172],"class_list":["post-17354","post","type-post","status-publish","format-standard","hentry","category-policial","tag-featured"],"amp_enabled":true,"_links":{"self":[{"href":"https:\/\/radiostudiow.com.br\/site\/wp-json\/wp\/v2\/posts\/17354","targetHints":{"allow":["GET"]}}],"collection":[{"href":"https:\/\/radiostudiow.com.br\/site\/wp-json\/wp\/v2\/posts"}],"about":[{"href":"https:\/\/radiostudiow.com.br\/site\/wp-json\/wp\/v2\/types\/post"}],"author":[{"embeddable":true,"href":"https:\/\/radiostudiow.com.br\/site\/wp-json\/wp\/v2\/users\/2"}],"replies":[{"embeddable":true,"href":"https:\/\/radiostudiow.com.br\/site\/wp-json\/wp\/v2\/comments?post=17354"}],"version-history":[{"count":4,"href":"https:\/\/radiostudiow.com.br\/site\/wp-json\/wp\/v2\/posts\/17354\/revisions"}],"predecessor-version":[{"id":17379,"href":"https:\/\/radiostudiow.com.br\/site\/wp-json\/wp\/v2\/posts\/17354\/revisions\/17379"}],"wp:attachment":[{"href":"https:\/\/radiostudiow.com.br\/site\/wp-json\/wp\/v2\/media?parent=17354"}],"wp:term":[{"taxonomy":"category","embeddable":true,"href":"https:\/\/radiostudiow.com.br\/site\/wp-json\/wp\/v2\/categories?post=17354"},{"taxonomy":"post_tag","embeddable":true,"href":"https:\/\/radiostudiow.com.br\/site\/wp-json\/wp\/v2\/tags?post=17354"}],"curies":[{"name":"wp","href":"https:\/\/api.w.org\/{rel}","templated":true}]}}