{"id":17367,"date":"2023-11-27T19:03:57","date_gmt":"2023-11-27T22:03:57","guid":{"rendered":"https:\/\/radiostudiow.com.br\/site\/?p=17367"},"modified":"2025-01-31T15:02:29","modified_gmt":"2025-01-31T18:02:29","slug":"colisao-entre-motociclistas-e-registrado-em-rio-claro-do-sul","status":"publish","type":"post","link":"https:\/\/radiostudiow.com.br\/site\/2023\/11\/27\/colisao-entre-motociclistas-e-registrado-em-rio-claro-do-sul\/","title":{"rendered":"COLIS\u00c3O ENTRE MOTOS \u00c9 REGISTRADA NO DISTRITO DE RIO CLARO DO SUL"},"content":{"rendered":"\n<p>Um acidente entre duas motocicletas foi registrado na Vila em Rio Claro do Sul.<\/p>\n\n\n\n<p>O fato ocorreu por volta das 11:30 horas a manh\u00e3 desta segunda feira (27).<br>Os condutores, dois masculinos sofreram les\u00f5es com poss\u00edveis fraturas.<\/p>\n\n\n\n<figure class=\"wp-block-image size-full\"><img decoding=\"async\" src=\"https:\/\/radiostudiow.com.br\/site\/wp-content\/uploads\/2023\/10\/SITE-GRANDE5.png\" alt=\"\" class=\"wp-image-16372\"\/><\/figure>\n\n\n\n<p>A equipe de enfermeiros da Unidade de Sa\u00fade de Rio Claro do Sul, juntamente com o plantonista de imediato socorreram as v\u00edtimas, onde segundo informa\u00e7\u00f5es foram encaminhadas de ambul\u00e2ncia para Hospital S\u00e3o Pedro em Mallet para receberem atendimentos.<\/p>\n\n\n\n<p>FONTE: <a href=\"https:\/\/www.facebook.com\/profile.php?id=100064228771485\" data-type=\"link\" data-id=\"https:\/\/www.facebook.com\/profile.php?id=100064228771485\">Rio Claro do Sul&nbsp;<\/a><\/p>\n","protected":false},"excerpt":{"rendered":"<p>Um acidente entre duas motocicletas foi registrado na Vila em Rio Claro do Sul. O fato ocorreu por volta das 11:30 horas a manh\u00e3 desta segunda feira (27).Os condutores, dois masculinos sofreram les\u00f5es com poss\u00edveis fraturas. A equipe de enfermeiros da Unidade de Sa\u00fade de Rio Claro do Sul, juntamente com o plantonista de imediato [&hellip;]<\/p>\n","protected":false},"author":2,"featured_media":17368,"comment_status":"open","ping_status":"open","sticky":false,"template":"","format":"standard","meta":{"footnotes":""},"categories":[184],"tags":[172],"class_list":["post-17367","post","type-post","status-publish","format-standard","has-post-thumbnail","hentry","category-local","tag-featured"],"amp_enabled":true,"_links":{"self":[{"href":"https:\/\/radiostudiow.com.br\/site\/wp-json\/wp\/v2\/posts\/17367","targetHints":{"allow":["GET"]}}],"collection":[{"href":"https:\/\/radiostudiow.com.br\/site\/wp-json\/wp\/v2\/posts"}],"about":[{"href":"https:\/\/radiostudiow.com.br\/site\/wp-json\/wp\/v2\/types\/post"}],"author":[{"embeddable":true,"href":"https:\/\/radiostudiow.com.br\/site\/wp-json\/wp\/v2\/users\/2"}],"replies":[{"embeddable":true,"href":"https:\/\/radiostudiow.com.br\/site\/wp-json\/wp\/v2\/comments?post=17367"}],"version-history":[{"count":4,"href":"https:\/\/radiostudiow.com.br\/site\/wp-json\/wp\/v2\/posts\/17367\/revisions"}],"predecessor-version":[{"id":17382,"href":"https:\/\/radiostudiow.com.br\/site\/wp-json\/wp\/v2\/posts\/17367\/revisions\/17382"}],"wp:featuredmedia":[{"embeddable":true,"href":"https:\/\/radiostudiow.com.br\/site\/wp-json\/wp\/v2\/media\/17368"}],"wp:attachment":[{"href":"https:\/\/radiostudiow.com.br\/site\/wp-json\/wp\/v2\/media?parent=17367"}],"wp:term":[{"taxonomy":"category","embeddable":true,"href":"https:\/\/radiostudiow.com.br\/site\/wp-json\/wp\/v2\/categories?post=17367"},{"taxonomy":"post_tag","embeddable":true,"href":"https:\/\/radiostudiow.com.br\/site\/wp-json\/wp\/v2\/tags?post=17367"}],"curies":[{"name":"wp","href":"https:\/\/api.w.org\/{rel}","templated":true}]}}