{"id":17396,"date":"2023-11-28T11:11:00","date_gmt":"2023-11-28T14:11:00","guid":{"rendered":"https:\/\/radiostudiow.com.br\/site\/?p=17396"},"modified":"2025-01-31T15:02:29","modified_gmt":"2025-01-31T18:02:29","slug":"justica-condena-homem-a-mais-de-6-anos-de-prisao-por-homicidio","status":"publish","type":"post","link":"https:\/\/radiostudiow.com.br\/site\/2023\/11\/28\/justica-condena-homem-a-mais-de-6-anos-de-prisao-por-homicidio\/","title":{"rendered":"JUSTI\u00c7A CONDENA HOMEM A MAIS DE 6 ANOS DE PRIS\u00c3O POR HOMIC\u00cdDIO EM IN\u00c1CIO MARTINS"},"content":{"rendered":"\n<p>O Tribunal de Justi\u00e7a da Comarca de Irati condenou o r\u00e9u Arildo Carlos dos Santos a uma pena de 6 anos, 5 meses e 15 dias de pris\u00e3o em regime semiaberto pela morte de Jos\u00e9 Carlos Gon\u00e7alves, ocorrida em 2006 na localidade de Leon\u00f3polis, em In\u00e1cio Martins.<\/p>\n\n\n\n<p>Segundo os autos do processo, o autor utilizou um fac\u00e3o para matar a v\u00edtima ap\u00f3s uma discuss\u00e3o em uma \u00e1rea de reflorestamento de pinus. Os motivos da discuss\u00e3o n\u00e3o foram revelados pelo r\u00e9u. O caso foi registrado no dia 6 de maio de 2006. Entretanto, o j\u00fari ocorreu somente na \u00faltima quarta-feira.<\/p>\n\n\n\n<p>Em entrevista \u00e0 Naju\u00e1, o promotor de justi\u00e7a, Eduardo Ratto Vieira, detalhou os motivos da demora no andamento do processo. <em><strong>\u201cNuma situa\u00e7\u00e3o desta natureza, o processo criminal somente pode ter prosseguimento a partir do momento em que a pessoa \u00e9 pessoalmente citada. Enquanto o r\u00e9u n\u00e3o \u00e9 localizado e pessoalmente citado, o processo criminal fica suspenso. Neste caso, houve delibera\u00e7\u00e3o espec\u00edfica neste sentido at\u00e9 que seja levado a efeito a localiza\u00e7\u00e3o do r\u00e9u e ele seja citado pessoalmente. A partir de ent\u00e3o \u00e9 que a marcha processual pode ter o seu tr\u00e2mite retomado\u201d, frisou.<\/strong><\/em><\/p>\n\n\n\n<figure class=\"wp-block-image size-full\"><img decoding=\"async\" src=\"https:\/\/radiostudiow.com.br\/site\/wp-content\/uploads\/2023\/10\/SITE-MEDIO2.png\" alt=\"\" class=\"wp-image-16334\"\/><\/figure>\n\n\n\n<p>O advogado de defesa do r\u00e9u, Jo\u00e3o M\u00e1rio Machado de Jesus, contou \u00e0 nossa reportagem que s\u00f3 tomou conhecimento do teor do processo em 2018. <em><strong>\u201cFoi quando n\u00f3s assumimos a defesa e, no per\u00edodo de 2006 a 2018, ou seja, 12 anos, n\u00e3o havia cita\u00e7\u00e3o do r\u00e9u naquele momento. O r\u00e9u foi citado somente em 2018, quando assumimos a defesa do processo. Houve a cita\u00e7\u00e3o e, a partir da\u00ed, o processo teve seu desenvolvimento normal e sua tramita\u00e7\u00e3o dentro da normalidade, com os percal\u00e7os de que haviam testemunhas que foram arroladas e n\u00e3o se conseguia fazer a intima\u00e7\u00e3o, ou seja, audi\u00eancias que foram na fase pr\u00e9-j\u00fari, em que havia a necessidade de se ouvir estas testemunhas, houve cancelamento de audi\u00eancias em tr\u00eas ou quatro oportunidades. A audi\u00eancia n\u00e3o consegue ser agendada com a rapidez necess\u00e1ria em fun\u00e7\u00e3o das pautas do pr\u00f3prio ju\u00edzo, o volume de processos que est\u00e3o tramitando, e isto tudo acarretou em in\u00fameros atrasos e a demora em chegar a este ponto no final do processo\u201d, frisou.<\/strong><\/em><\/p>\n\n\n\n<p>Uma das testemunhas do caso faleceu logo no in\u00edcio do processo, o que tamb\u00e9m pode ter atrasado as investiga\u00e7\u00f5es. A pandemia de Covid-19, que provocou a paralisa\u00e7\u00e3o de v\u00e1rios setores, tamb\u00e9m afetou o andamento do caso. O advogado defendeu que o crime ocorreu em leg\u00edtima defesa.<\/p>\n\n\n\n<p><em><strong>\u201cA leg\u00edtima defesa estava muito clara porque havia uma situa\u00e7\u00e3o de eminente agress\u00e3o, e a leg\u00edtima defesa parte do momento em que o acusado ou a pessoa que est\u00e1 na emin\u00eancia de sofrer uma agress\u00e3o e vai se defender. N\u00e3o vou entrar no m\u00e9rito da situa\u00e7\u00e3o de como ocorreu ou n\u00e3o porque realmente eu n\u00e3o estava presente, mas tomo por base as informa\u00e7\u00f5es que obtivemos de que houve uma injusta agress\u00e3o e que obrigou que houvesse a leg\u00edtima defesa\u201d, frisou.<\/strong><\/em><\/p>\n\n\n\n<figure class=\"wp-block-image size-full\"><img decoding=\"async\" src=\"https:\/\/radiostudiow.com.br\/site\/wp-content\/uploads\/2023\/11\/anigif-pequeno-02.gif\" alt=\"\" class=\"wp-image-16760\"\/><\/figure>\n\n\n\n<p>Como houve diverg\u00eancias entre o Minist\u00e9rio P\u00fablico e a defesa, o ponto central do julgamento ficou na quest\u00e3o dos golpes desferidos contra a v\u00edtima, segundo o advogado de defesa. <strong><em>\u201cO n\u00facleo da discuss\u00e3o e dos debates entre o Minist\u00e9rio P\u00fablico e a Defesa se baseou na intensidade dos golpes, se era uma defesa moderada ou poderia ser menos agressiva, se havia outras possibilidades. Esta \u00e9 uma situa\u00e7\u00e3o que n\u00e3o temos como avaliar sem estar presentes ou at\u00e9 mesmo pelo pr\u00f3prio tempo\u201d, justificou Jo\u00e3o.<\/em><\/strong><\/p>\n\n\n\n<p>Para o promotor, as provas apresentadas aos jurados auxiliaram na decis\u00e3o pela condena\u00e7\u00e3o, afastando a tese de leg\u00edtima defesa do autor. Ele acredita que, do ponto de vista processual, o julgamento transcorreu de forma objetiva. <strong><em>\u201cAs provas eram bastante esclarecedoras, sob o ponto de vista pr\u00e1tico e probat\u00f3rio. A partir do momento em que se encerraram os debates, o processo foi encaminhado para vota\u00e7\u00e3o dos quesitos por parte dos jurados. De forma bastante objetiva, eles foram elaborados e respondidos pelo Conselho de Senten\u00e7a, recha\u00e7ando qualquer possibilidade de absolvi\u00e7\u00e3o durante a vota\u00e7\u00e3o dos quesitos\u201d, ressaltou Eduardo.<\/em><\/strong><\/p>\n\n\n\n<figure class=\"wp-block-image size-full\"><img loading=\"lazy\" decoding=\"async\" width=\"897\" height=\"204\" src=\"https:\/\/radiostudiow.com.br\/site\/wp-content\/uploads\/2023\/10\/SITE-GRANDE3.png\" alt=\"\" class=\"wp-image-16341\" srcset=\"https:\/\/radiostudiow.com.br\/site\/wp-content\/uploads\/2023\/10\/SITE-GRANDE3.png 897w, https:\/\/radiostudiow.com.br\/site\/wp-content\/uploads\/2023\/10\/SITE-GRANDE3-300x68.png 300w, https:\/\/radiostudiow.com.br\/site\/wp-content\/uploads\/2023\/10\/SITE-GRANDE3-768x175.png 768w\" sizes=\"auto, (max-width: 897px) 100vw, 897px\" \/><\/figure>\n\n\n\n<h2 class=\"wp-block-heading\">Recurso<\/h2>\n\n\n\n<p>A defesa do r\u00e9u ainda tem a possibilidade de recorrer da pena, de acordo com o que estabelece a legisla\u00e7\u00e3o, contou o promotor. <strong><em>\u201cToda condena\u00e7\u00e3o \u00e9 pass\u00edvel de recurso, como eu sempre costumo expor. No caso do tribunal do j\u00fari, vigora a soberania dos veredictos, de modo que o resultado da decis\u00e3o do Conselho de Senten\u00e7a somente pode ser revisto em situa\u00e7\u00f5es muito excepcionais, nas quais pode-se chegar a uma anula\u00e7\u00e3o, a uma desconstitui\u00e7\u00e3o do veredicto soberano do Conselho de Senten\u00e7a. No que se refere \u00e0 pena, esta sim \u00e9 pass\u00edvel de revis\u00e3o em sede de recurso, ela pode ser revista, seja para majorar ou reduzir, conforme qual das partes apresentem recurso. Isto fica sim sujeito a uma possibilidade de revis\u00e3o\u201d, frisou.<\/em><\/strong><\/p>\n\n\n\n<p>Entretanto, a defesa de Arildo confirmou que n\u00e3o apresentar\u00e1 recurso neste caso, detalhou o advogado Jo\u00e3o. <strong><em>\u201cN\u00e3o pretendemos recorrer e isto j\u00e1 foi confirmado, n\u00e3o haver\u00e1 recurso nem por parte da defesa e nem por parte do Minist\u00e9rio P\u00fablico\u201d, destacou.<\/em><\/strong><\/p>\n\n\n\n<figure class=\"wp-block-image size-full\"><img decoding=\"async\" src=\"https:\/\/radiostudiow.com.br\/site\/wp-content\/uploads\/2023\/10\/SITE-MEDIO3.png\" alt=\"\" class=\"wp-image-16382\"\/><\/figure>\n\n\n\n<p><a href=\"https:\/\/api.whatsapp.com\/send?phone=554234213350&amp;text=Compre%20aqui\" target=\"_blank\" rel=\"noreferrer noopener\"><\/a><\/p>\n\n\n\n<h2 class=\"wp-block-heading\">Possibilidade de anula\u00e7\u00e3o de j\u00fari<\/h2>\n\n\n\n<p>O C\u00f3digo de Processo Penal estabelece possibilidades de anula\u00e7\u00e3o de um julgamento pelo Tribunal do J\u00fari. O promotor Eduardo detalhou quais seriam algumas delas. <strong><em>\u201cS\u00e3o aquelas em que existe alguma irregularidade tamanha a ponto de invalidar o julgamento, como a inobserv\u00e2ncia de alguma regra processual, por exemplo, que seja essencial para o andamento do feito, o que n\u00e3o \u00e9 o caso evidentemente destes autos. Uma hip\u00f3tese muito comum que \u00e9 sustentada como fundamento para a desconstitui\u00e7\u00e3o de um veredicto soberano \u00e9 a exist\u00eancia de um julgamento manifestamente contr\u00e1rio \u00e0s provas dos autos, ou seja, aquele que n\u00e3o encontra respaldo em nenhum elemento probat\u00f3rio id\u00f4neo constante dos autos. Esta seria, em uma situa\u00e7\u00e3o hipot\u00e9tica, uma situa\u00e7\u00e3o manifestamente contr\u00e1ria \u00e0 prova dos autos, ou seja, aquele julgamento que n\u00e3o encontra nenhum respaldo nos elementos probat\u00f3rios\u201d, pontuou.<\/em><\/strong><\/p>\n\n\n\n<p>FONTE\/FOTO: <a href=\"https:\/\/najua.com.br\/\" data-type=\"link\" data-id=\"https:\/\/najua.com.br\/\">Naju\u00e1<\/a><\/p>\n","protected":false},"excerpt":{"rendered":"<p>O Tribunal de Justi\u00e7a da Comarca de Irati condenou o r\u00e9u Arildo Carlos dos Santos a uma pena de 6 anos, 5 meses e 15 dias de pris\u00e3o em regime semiaberto pela morte de Jos\u00e9 Carlos Gon\u00e7alves, ocorrida em 2006 na localidade de Leon\u00f3polis, em In\u00e1cio Martins. Segundo os autos do processo, o autor utilizou [&hellip;]<\/p>\n","protected":false},"author":2,"featured_media":17397,"comment_status":"open","ping_status":"open","sticky":false,"template":"","format":"standard","meta":{"footnotes":""},"categories":[2],"tags":[172],"class_list":["post-17396","post","type-post","status-publish","format-standard","has-post-thumbnail","hentry","category-policial","tag-featured"],"amp_enabled":true,"_links":{"self":[{"href":"https:\/\/radiostudiow.com.br\/site\/wp-json\/wp\/v2\/posts\/17396","targetHints":{"allow":["GET"]}}],"collection":[{"href":"https:\/\/radiostudiow.com.br\/site\/wp-json\/wp\/v2\/posts"}],"about":[{"href":"https:\/\/radiostudiow.com.br\/site\/wp-json\/wp\/v2\/types\/post"}],"author":[{"embeddable":true,"href":"https:\/\/radiostudiow.com.br\/site\/wp-json\/wp\/v2\/users\/2"}],"replies":[{"embeddable":true,"href":"https:\/\/radiostudiow.com.br\/site\/wp-json\/wp\/v2\/comments?post=17396"}],"version-history":[{"count":2,"href":"https:\/\/radiostudiow.com.br\/site\/wp-json\/wp\/v2\/posts\/17396\/revisions"}],"predecessor-version":[{"id":17400,"href":"https:\/\/radiostudiow.com.br\/site\/wp-json\/wp\/v2\/posts\/17396\/revisions\/17400"}],"wp:featuredmedia":[{"embeddable":true,"href":"https:\/\/radiostudiow.com.br\/site\/wp-json\/wp\/v2\/media\/17397"}],"wp:attachment":[{"href":"https:\/\/radiostudiow.com.br\/site\/wp-json\/wp\/v2\/media?parent=17396"}],"wp:term":[{"taxonomy":"category","embeddable":true,"href":"https:\/\/radiostudiow.com.br\/site\/wp-json\/wp\/v2\/categories?post=17396"},{"taxonomy":"post_tag","embeddable":true,"href":"https:\/\/radiostudiow.com.br\/site\/wp-json\/wp\/v2\/tags?post=17396"}],"curies":[{"name":"wp","href":"https:\/\/api.w.org\/{rel}","templated":true}]}}