{"id":17422,"date":"2023-11-29T10:11:27","date_gmt":"2023-11-29T13:11:27","guid":{"rendered":"https:\/\/radiostudiow.com.br\/site\/?p=17422"},"modified":"2025-01-31T15:02:29","modified_gmt":"2025-01-31T18:02:29","slug":"idoso-fica-ferido-apos-ser-agredido-por-dois-homens-em-mallet","status":"publish","type":"post","link":"https:\/\/radiostudiow.com.br\/site\/2023\/11\/29\/idoso-fica-ferido-apos-ser-agredido-por-dois-homens-em-mallet\/","title":{"rendered":"IDOSO FICA FERIDO AP\u00d3S SER AGREDIDO POR DOIS HOMENS EM MALLET"},"content":{"rendered":"\n<p>A equipe da Pol\u00edcia Militar de Mallet, recebeu uma solicita\u00e7\u00e3o para averiguar uma situa\u00e7\u00e3o de les\u00e3o corporal.<br>O fato ocorreu por volta das 15:00 horas dessa ter\u00e7a-feira dia 28 de novembro, na \u00e1rea central do munic\u00edpio.<\/p>\n\n\n\n<figure class=\"wp-block-image size-full\"><img loading=\"lazy\" decoding=\"async\" width=\"897\" height=\"204\" src=\"https:\/\/radiostudiow.com.br\/site\/wp-content\/uploads\/2023\/10\/SITE-GRANDE.png\" alt=\"\" class=\"wp-image-16338\" srcset=\"https:\/\/radiostudiow.com.br\/site\/wp-content\/uploads\/2023\/10\/SITE-GRANDE.png 897w, https:\/\/radiostudiow.com.br\/site\/wp-content\/uploads\/2023\/10\/SITE-GRANDE-300x68.png 300w, https:\/\/radiostudiow.com.br\/site\/wp-content\/uploads\/2023\/10\/SITE-GRANDE-768x175.png 768w\" sizes=\"auto, (max-width: 897px) 100vw, 897px\" \/><\/figure>\n\n\n\n<p>De acordo com o Boletim de Ocorr\u00eancia, um idoso teria sido agredido, mas n\u00e3o sabia informar quem seria o autor das agress\u00f5es.<\/p>\n\n\n\n<p>Os policiais se deslocaram at\u00e9 o local em patrulhamento, por\u00e9m de primeiro momento n\u00e3o foi localizado o idoso. Logo em seguida a equipe foi abordada por uma pessoa, o qual passou a relatar que foi agredido por dois homens, e que at\u00e9 teria abandonado seus pertences.<\/p>\n\n\n\n<p>Diante das informa\u00e7\u00f5es os policiais se deslocaram e obtiveram \u00eaxito em localizar seus pertences pr\u00f3ximo ao barrac\u00e3o de recicl\u00e1vel, sendo feita a entrega ao solicitante.<\/p>\n\n\n\n<figure class=\"wp-block-image size-full\"><img loading=\"lazy\" decoding=\"async\" width=\"897\" height=\"204\" src=\"https:\/\/radiostudiow.com.br\/site\/wp-content\/uploads\/2023\/10\/SITE-GRANDE3.png\" alt=\"\" class=\"wp-image-16341\" srcset=\"https:\/\/radiostudiow.com.br\/site\/wp-content\/uploads\/2023\/10\/SITE-GRANDE3.png 897w, https:\/\/radiostudiow.com.br\/site\/wp-content\/uploads\/2023\/10\/SITE-GRANDE3-300x68.png 300w, https:\/\/radiostudiow.com.br\/site\/wp-content\/uploads\/2023\/10\/SITE-GRANDE3-768x175.png 768w\" sizes=\"auto, (max-width: 897px) 100vw, 897px\" \/><\/figure>\n\n\n\n<p>A v\u00edtima foi acompanhada at\u00e9 o Hospital de Caridade S\u00e3o Pedro para o atendimento m\u00e9dico, sendo constatado les\u00f5es no bra\u00e7o esquerdo e no rosto.<\/p>\n\n\n\n<p>Diante da situa\u00e7\u00e3o foi orientado a v\u00edtima quanto aos procedimentos cab\u00edveis.<\/p>\n","protected":false},"excerpt":{"rendered":"<p>A equipe da Pol\u00edcia Militar de Mallet, recebeu uma solicita\u00e7\u00e3o para averiguar uma situa\u00e7\u00e3o de les\u00e3o corporal.O fato ocorreu por volta das 15:00 horas dessa ter\u00e7a-feira dia 28 de novembro, na \u00e1rea central do munic\u00edpio. De acordo com o Boletim de Ocorr\u00eancia, um idoso teria sido agredido, mas n\u00e3o sabia informar quem seria o autor [&hellip;]<\/p>\n","protected":false},"author":2,"featured_media":12720,"comment_status":"open","ping_status":"open","sticky":false,"template":"","format":"standard","meta":{"footnotes":""},"categories":[2],"tags":[172],"class_list":["post-17422","post","type-post","status-publish","format-standard","has-post-thumbnail","hentry","category-policial","tag-featured"],"amp_enabled":true,"_links":{"self":[{"href":"https:\/\/radiostudiow.com.br\/site\/wp-json\/wp\/v2\/posts\/17422","targetHints":{"allow":["GET"]}}],"collection":[{"href":"https:\/\/radiostudiow.com.br\/site\/wp-json\/wp\/v2\/posts"}],"about":[{"href":"https:\/\/radiostudiow.com.br\/site\/wp-json\/wp\/v2\/types\/post"}],"author":[{"embeddable":true,"href":"https:\/\/radiostudiow.com.br\/site\/wp-json\/wp\/v2\/users\/2"}],"replies":[{"embeddable":true,"href":"https:\/\/radiostudiow.com.br\/site\/wp-json\/wp\/v2\/comments?post=17422"}],"version-history":[{"count":3,"href":"https:\/\/radiostudiow.com.br\/site\/wp-json\/wp\/v2\/posts\/17422\/revisions"}],"predecessor-version":[{"id":17442,"href":"https:\/\/radiostudiow.com.br\/site\/wp-json\/wp\/v2\/posts\/17422\/revisions\/17442"}],"wp:featuredmedia":[{"embeddable":true,"href":"https:\/\/radiostudiow.com.br\/site\/wp-json\/wp\/v2\/media\/12720"}],"wp:attachment":[{"href":"https:\/\/radiostudiow.com.br\/site\/wp-json\/wp\/v2\/media?parent=17422"}],"wp:term":[{"taxonomy":"category","embeddable":true,"href":"https:\/\/radiostudiow.com.br\/site\/wp-json\/wp\/v2\/categories?post=17422"},{"taxonomy":"post_tag","embeddable":true,"href":"https:\/\/radiostudiow.com.br\/site\/wp-json\/wp\/v2\/tags?post=17422"}],"curies":[{"name":"wp","href":"https:\/\/api.w.org\/{rel}","templated":true}]}}