{"id":17426,"date":"2023-11-29T10:25:50","date_gmt":"2023-11-29T13:25:50","guid":{"rendered":"https:\/\/radiostudiow.com.br\/site\/?p=17426"},"modified":"2025-01-31T15:02:29","modified_gmt":"2025-01-31T18:02:29","slug":"motorista-e-feito-refem-durante-roubo-na-br-476-em-paulo-frontin","status":"publish","type":"post","link":"https:\/\/radiostudiow.com.br\/site\/2023\/11\/29\/motorista-e-feito-refem-durante-roubo-na-br-476-em-paulo-frontin\/","title":{"rendered":"MOTORISTA \u00c9 FEITO REF\u00c9M DURANTE ROUBO NA BR-476 EM PAULO FRONTIN"},"content":{"rendered":"\n<p>Por volta das 11:00 horas da manh\u00e3 dessa ter\u00e7a-feira, 28 de novembro, um motorista de caminh\u00e3o procurou a Pol\u00edcia Militar ap\u00f3s ser v\u00edtima de assalto e mantido como ref\u00e9m por horas na rodovia BR-476 pr\u00f3ximo ao trevo de Paulo Frontin.<\/p>\n\n\n\n<figure class=\"wp-block-image size-full\"><img decoding=\"async\" src=\"https:\/\/radiostudiow.com.br\/site\/wp-content\/uploads\/2023\/10\/SITE-GRANDE5.png\" alt=\"\" class=\"wp-image-16372\"\/><\/figure>\n\n\n\n<p>De acordo com o relat\u00f3rio policial, o motorista foi rendido por dois assaltantes armados, os quais apontaram uma arma para sua cabe\u00e7a e jogaram o motorista para a parte de traseira da cabine. Na sequ\u00eancia dirigiram por aproximadamente tr\u00eas horas at\u00e9 parar pr\u00f3ximo ao trevo de acesso \u00e0 Paulo Frontin.<\/p>\n\n\n\n<p>Momento que um dos autores seguiu com o caminh\u00e3o em dire\u00e7\u00e3o a S\u00e3o Mateus do Sul. Ap\u00f3s o ve\u00edculo ser levado, permaneceu por duas horas sob a guarda de uma dos assaltantes em um local \u00e0s margens da rodovia BR-476.<\/p>\n\n\n\n<figure class=\"wp-block-image size-full\"><img decoding=\"async\" src=\"https:\/\/radiostudiow.com.br\/site\/wp-content\/uploads\/2023\/10\/SITE-MEDIO2.png\" alt=\"\" class=\"wp-image-16334\"\/><\/figure>\n\n\n\n<p>Por volta das 06:00 horas da manh\u00e3, um ve\u00edculo veio buscar o segundo autor envolvido no assalto, tamb\u00e9m seguindo rumo a S\u00e3o Mateus do Sul. A v\u00edtima relatou que o assaltante lhe ordenou contar at\u00e9 dois mil antes de sair do local.<\/p>\n\n\n\n<p>Ap\u00f3s o assaltantes fugirem, a v\u00edtima conseguiu pedir ajuda em um posto de combust\u00edvel, sendo o caso registrado pela Pol\u00edcia.<\/p>\n","protected":false},"excerpt":{"rendered":"<p>Por volta das 11:00 horas da manh\u00e3 dessa ter\u00e7a-feira, 28 de novembro, um motorista de caminh\u00e3o procurou a Pol\u00edcia Militar ap\u00f3s ser v\u00edtima de assalto e mantido como ref\u00e9m por horas na rodovia BR-476 pr\u00f3ximo ao trevo de Paulo Frontin. De acordo com o relat\u00f3rio policial, o motorista foi rendido por dois assaltantes armados, os [&hellip;]<\/p>\n","protected":false},"author":2,"featured_media":14373,"comment_status":"open","ping_status":"open","sticky":false,"template":"","format":"standard","meta":{"footnotes":""},"categories":[2],"tags":[172],"class_list":["post-17426","post","type-post","status-publish","format-standard","has-post-thumbnail","hentry","category-policial","tag-featured"],"amp_enabled":true,"_links":{"self":[{"href":"https:\/\/radiostudiow.com.br\/site\/wp-json\/wp\/v2\/posts\/17426","targetHints":{"allow":["GET"]}}],"collection":[{"href":"https:\/\/radiostudiow.com.br\/site\/wp-json\/wp\/v2\/posts"}],"about":[{"href":"https:\/\/radiostudiow.com.br\/site\/wp-json\/wp\/v2\/types\/post"}],"author":[{"embeddable":true,"href":"https:\/\/radiostudiow.com.br\/site\/wp-json\/wp\/v2\/users\/2"}],"replies":[{"embeddable":true,"href":"https:\/\/radiostudiow.com.br\/site\/wp-json\/wp\/v2\/comments?post=17426"}],"version-history":[{"count":2,"href":"https:\/\/radiostudiow.com.br\/site\/wp-json\/wp\/v2\/posts\/17426\/revisions"}],"predecessor-version":[{"id":17435,"href":"https:\/\/radiostudiow.com.br\/site\/wp-json\/wp\/v2\/posts\/17426\/revisions\/17435"}],"wp:featuredmedia":[{"embeddable":true,"href":"https:\/\/radiostudiow.com.br\/site\/wp-json\/wp\/v2\/media\/14373"}],"wp:attachment":[{"href":"https:\/\/radiostudiow.com.br\/site\/wp-json\/wp\/v2\/media?parent=17426"}],"wp:term":[{"taxonomy":"category","embeddable":true,"href":"https:\/\/radiostudiow.com.br\/site\/wp-json\/wp\/v2\/categories?post=17426"},{"taxonomy":"post_tag","embeddable":true,"href":"https:\/\/radiostudiow.com.br\/site\/wp-json\/wp\/v2\/tags?post=17426"}],"curies":[{"name":"wp","href":"https:\/\/api.w.org\/{rel}","templated":true}]}}