{"id":17428,"date":"2023-11-29T17:03:55","date_gmt":"2023-11-29T20:03:55","guid":{"rendered":"https:\/\/radiostudiow.com.br\/site\/?p=17428"},"modified":"2025-01-31T15:02:29","modified_gmt":"2025-01-31T18:02:29","slug":"pm-e-acionada-apos-mulher-agredir-e-ameacar-conselheiras-tutelares-em-paulo-frontin","status":"publish","type":"post","link":"https:\/\/radiostudiow.com.br\/site\/2023\/11\/29\/pm-e-acionada-apos-mulher-agredir-e-ameacar-conselheiras-tutelares-em-paulo-frontin\/","title":{"rendered":"PM \u00c9 ACIONADA AP\u00d3S MULHER AGREDIR E AMEA\u00c7AR CONSELHEIRAS TUTELARES EM PAULO FRONTIN"},"content":{"rendered":"\n<p>Uma mulher, a qual se identificou como Conselheira Tutelar, acionou a equipe da Pol\u00edcia Militar de Paulo Frontin para relatar uma situa\u00e7\u00e3o de les\u00e3o corporal.<\/p>\n\n\n\n<p>O fato teria ocorrido por volta das 16:50 horas, dessa ter\u00e7a-feira (28).<\/p>\n\n\n\n<figure class=\"wp-block-image size-full\"><img decoding=\"async\" src=\"https:\/\/radiostudiow.com.br\/site\/wp-content\/uploads\/2023\/10\/SITE-GRANDE5.png\" alt=\"\" class=\"wp-image-16372\"\/><\/figure>\n\n\n\n<p>De acordo com a solicitante, ela e as demais conselheiras, tentaram conversar com uma mulher para verificar den\u00fancias quanto \u00e0 situa\u00e7\u00e3o em que se encontra o filho menor de idade sobre maus tratos.<\/p>\n\n\n\n<p>A mulher ofendeu as Conselheiras Tutelares e come\u00e7ou a agredir com um guarda-chuva, desferindo v\u00e1rios golpes.<\/p>\n\n\n\n<p>Diante das informa\u00e7\u00f5es, a equipe se deslocou at\u00e9 a casa e localizou a autora, a qual come\u00e7ou alterar a voz momento em que os policiais se aproximavam, dizendo: <em>&#8220;Essas vagabundas vieram querer pegar meu filho, esse eles n\u00e3o v\u00e3o me tomar, nem que eu tenha que matar elas, e voc\u00eas n\u00e3o v\u00e3o impedir que bato at\u00e9 em voc\u00eas\u201d.<\/em><\/p>\n\n\n\n<p>De acordo com o relat\u00f3rio policial, foi feita diversas verbaliza\u00e7\u00f5es, para que a mulher acatasse as ordens da PM, por\u00e9m, ela continuou agressiva, segurando um guarda-chuva e tentou agredir os policiais.<\/p>\n\n\n\n<figure class=\"wp-block-image size-full\"><img decoding=\"async\" src=\"https:\/\/radiostudiow.com.br\/site\/wp-content\/uploads\/2023\/10\/SITE-GRANDE-1.png\" alt=\"\" class=\"wp-image-16374\"\/><\/figure>\n\n\n\n<p>No momento que ela tentou investir contra os policiais foi necess\u00e1rio conte-la com spray de pimenta para prote\u00e7\u00e3o da equipe e da autora.<\/p>\n\n\n\n<p>A mulher foi conduzida para o pronto atendimento, possivelmente estava em surto psicol\u00f3gico, necessitando de atendimento m\u00e9dico.<\/p>\n\n\n\n<p>J\u00e1 no hospital, novamente entrou em surto e tentou investir contra a equipe policial.<\/p>\n\n\n\n<p>Em seguida ela foi atendida pela equipe m\u00e9dica, a qual informou que a autora vai ficar em observa\u00e7\u00e3o e a cadastrou na central de leitos para ajuda psicol\u00f3gica.<\/p>\n","protected":false},"excerpt":{"rendered":"<p>Uma mulher, a qual se identificou como Conselheira Tutelar, acionou a equipe da Pol\u00edcia Militar de Paulo Frontin para relatar uma situa\u00e7\u00e3o de les\u00e3o corporal. O fato teria ocorrido por volta das 16:50 horas, dessa ter\u00e7a-feira (28). De acordo com a solicitante, ela e as demais conselheiras, tentaram conversar com uma mulher para verificar den\u00fancias [&hellip;]<\/p>\n","protected":false},"author":2,"featured_media":13251,"comment_status":"open","ping_status":"open","sticky":false,"template":"","format":"standard","meta":{"footnotes":""},"categories":[2],"tags":[172],"class_list":["post-17428","post","type-post","status-publish","format-standard","has-post-thumbnail","hentry","category-policial","tag-featured"],"amp_enabled":true,"_links":{"self":[{"href":"https:\/\/radiostudiow.com.br\/site\/wp-json\/wp\/v2\/posts\/17428","targetHints":{"allow":["GET"]}}],"collection":[{"href":"https:\/\/radiostudiow.com.br\/site\/wp-json\/wp\/v2\/posts"}],"about":[{"href":"https:\/\/radiostudiow.com.br\/site\/wp-json\/wp\/v2\/types\/post"}],"author":[{"embeddable":true,"href":"https:\/\/radiostudiow.com.br\/site\/wp-json\/wp\/v2\/users\/2"}],"replies":[{"embeddable":true,"href":"https:\/\/radiostudiow.com.br\/site\/wp-json\/wp\/v2\/comments?post=17428"}],"version-history":[{"count":4,"href":"https:\/\/radiostudiow.com.br\/site\/wp-json\/wp\/v2\/posts\/17428\/revisions"}],"predecessor-version":[{"id":17472,"href":"https:\/\/radiostudiow.com.br\/site\/wp-json\/wp\/v2\/posts\/17428\/revisions\/17472"}],"wp:featuredmedia":[{"embeddable":true,"href":"https:\/\/radiostudiow.com.br\/site\/wp-json\/wp\/v2\/media\/13251"}],"wp:attachment":[{"href":"https:\/\/radiostudiow.com.br\/site\/wp-json\/wp\/v2\/media?parent=17428"}],"wp:term":[{"taxonomy":"category","embeddable":true,"href":"https:\/\/radiostudiow.com.br\/site\/wp-json\/wp\/v2\/categories?post=17428"},{"taxonomy":"post_tag","embeddable":true,"href":"https:\/\/radiostudiow.com.br\/site\/wp-json\/wp\/v2\/tags?post=17428"}],"curies":[{"name":"wp","href":"https:\/\/api.w.org\/{rel}","templated":true}]}}