{"id":17458,"date":"2023-11-29T17:21:14","date_gmt":"2023-11-29T20:21:14","guid":{"rendered":"https:\/\/radiostudiow.com.br\/site\/?p=17458"},"modified":"2025-01-31T15:02:29","modified_gmt":"2025-01-31T18:02:29","slug":"pm-de-sao-mateus-do-sul-e-acionada-apos-disparos-de-arma-de-fogo","status":"publish","type":"post","link":"https:\/\/radiostudiow.com.br\/site\/2023\/11\/29\/pm-de-sao-mateus-do-sul-e-acionada-apos-disparos-de-arma-de-fogo\/","title":{"rendered":"PM DE S\u00c3O MATEUS DO SUL \u00c9 ACIONADA AP\u00d3S DISPAROS DE ARMA DE FOGO"},"content":{"rendered":"\n<p>A equipe da Pol\u00edcia Militar de S\u00e3o Mateus do Sul recebeu uma den\u00fancia atrav\u00e9s de grupos de WhatsApp que um homem estava efetuando disparos de arma de fogo em via p\u00fablica na Rua S\u00e3o Jo\u00e3o na Vila Bom Jesus na noite de ter\u00e7a-feira (28).<\/p>\n\n\n\n<figure class=\"wp-block-image size-full\"><img loading=\"lazy\" decoding=\"async\" width=\"598\" height=\"204\" src=\"https:\/\/radiostudiow.com.br\/site\/wp-content\/uploads\/2023\/10\/SITE-MEDIO.png\" alt=\"\" class=\"wp-image-16319\" srcset=\"https:\/\/radiostudiow.com.br\/site\/wp-content\/uploads\/2023\/10\/SITE-MEDIO.png 598w, https:\/\/radiostudiow.com.br\/site\/wp-content\/uploads\/2023\/10\/SITE-MEDIO-300x102.png 300w\" sizes=\"auto, (max-width: 598px) 100vw, 598px\" \/><\/figure>\n\n\n\n<p>Deslocado at\u00e9 o local para verifica\u00e7\u00e3o dos fatos, sendo conversado com alguns populares na via, e estes relataram que presenciaram o ocorrido, mas n\u00e3o queriam ser testemunhas por medo de repres\u00e1lias.<\/p>\n\n\n\n<p>A equipe ent\u00e3o efetuou rondas e patrulhamentos no bairro visando coibir a pr\u00e1tica de crimes e no intuito de localizar o autor para verifica\u00e7\u00e3o dos fatos, por\u00e9m sem \u00eaxito.<\/p>\n","protected":false},"excerpt":{"rendered":"<p>A equipe da Pol\u00edcia Militar de S\u00e3o Mateus do Sul recebeu uma den\u00fancia atrav\u00e9s de grupos de WhatsApp que um homem estava efetuando disparos de arma de fogo em via p\u00fablica na Rua S\u00e3o Jo\u00e3o na Vila Bom Jesus na noite de ter\u00e7a-feira (28). Deslocado at\u00e9 o local para verifica\u00e7\u00e3o dos fatos, sendo conversado com [&hellip;]<\/p>\n","protected":false},"author":2,"featured_media":14798,"comment_status":"open","ping_status":"open","sticky":false,"template":"","format":"standard","meta":{"footnotes":""},"categories":[2],"tags":[172],"class_list":["post-17458","post","type-post","status-publish","format-standard","has-post-thumbnail","hentry","category-policial","tag-featured"],"amp_enabled":true,"_links":{"self":[{"href":"https:\/\/radiostudiow.com.br\/site\/wp-json\/wp\/v2\/posts\/17458","targetHints":{"allow":["GET"]}}],"collection":[{"href":"https:\/\/radiostudiow.com.br\/site\/wp-json\/wp\/v2\/posts"}],"about":[{"href":"https:\/\/radiostudiow.com.br\/site\/wp-json\/wp\/v2\/types\/post"}],"author":[{"embeddable":true,"href":"https:\/\/radiostudiow.com.br\/site\/wp-json\/wp\/v2\/users\/2"}],"replies":[{"embeddable":true,"href":"https:\/\/radiostudiow.com.br\/site\/wp-json\/wp\/v2\/comments?post=17458"}],"version-history":[{"count":2,"href":"https:\/\/radiostudiow.com.br\/site\/wp-json\/wp\/v2\/posts\/17458\/revisions"}],"predecessor-version":[{"id":17460,"href":"https:\/\/radiostudiow.com.br\/site\/wp-json\/wp\/v2\/posts\/17458\/revisions\/17460"}],"wp:featuredmedia":[{"embeddable":true,"href":"https:\/\/radiostudiow.com.br\/site\/wp-json\/wp\/v2\/media\/14798"}],"wp:attachment":[{"href":"https:\/\/radiostudiow.com.br\/site\/wp-json\/wp\/v2\/media?parent=17458"}],"wp:term":[{"taxonomy":"category","embeddable":true,"href":"https:\/\/radiostudiow.com.br\/site\/wp-json\/wp\/v2\/categories?post=17458"},{"taxonomy":"post_tag","embeddable":true,"href":"https:\/\/radiostudiow.com.br\/site\/wp-json\/wp\/v2\/tags?post=17458"}],"curies":[{"name":"wp","href":"https:\/\/api.w.org\/{rel}","templated":true}]}}