{"id":17469,"date":"2023-11-29T18:01:14","date_gmt":"2023-11-29T21:01:14","guid":{"rendered":"https:\/\/radiostudiow.com.br\/site\/?p=17469"},"modified":"2025-01-31T15:02:29","modified_gmt":"2025-01-31T18:02:29","slug":"motociclista-suspeito-ronda-a-colonia-uma-em-mallet-e-pm-e-acionada","status":"publish","type":"post","link":"https:\/\/radiostudiow.com.br\/site\/2023\/11\/29\/motociclista-suspeito-ronda-a-colonia-uma-em-mallet-e-pm-e-acionada\/","title":{"rendered":"MOTOCICLISTA SUSPEITO RONDA A COL\u00d4NIA UMA EM MALLET E PM \u00c9 ACIONADA"},"content":{"rendered":"\n<p>A equipe da Pol\u00edcia Militar de Mallet foi acionada para verificar uma den\u00fancia sobre um motociclista em atitude suspeita na localidade da Col\u00f4nia Uma.<\/p>\n\n\n\n<p>Segundo o Boletim de Ocorr\u00eancia, foi registrado por volta das 19:25 horas dessa ter\u00e7a-feira (28).<\/p>\n\n\n\n<figure class=\"wp-block-image size-full\"><img loading=\"lazy\" decoding=\"async\" width=\"897\" height=\"204\" src=\"https:\/\/radiostudiow.com.br\/site\/wp-content\/uploads\/2023\/10\/SITE-GRANDE3.png\" alt=\"\" class=\"wp-image-16341\" srcset=\"https:\/\/radiostudiow.com.br\/site\/wp-content\/uploads\/2023\/10\/SITE-GRANDE3.png 897w, https:\/\/radiostudiow.com.br\/site\/wp-content\/uploads\/2023\/10\/SITE-GRANDE3-300x68.png 300w, https:\/\/radiostudiow.com.br\/site\/wp-content\/uploads\/2023\/10\/SITE-GRANDE3-768x175.png 768w\" sizes=\"auto, (max-width: 897px) 100vw, 897px\" \/><\/figure>\n\n\n\n<p>De acordo com a solicita\u00e7\u00e3o, havia um motociclista rondando na regi\u00e3o e que ningu\u00e9m conhece tal ve\u00edculo.<\/p>\n\n\n\n<p>Os policiais se deslocaram at\u00e9 a localidade e realizaram o patrulhamento, por\u00e9m, n\u00e3o foi poss\u00edvel localizar tal ve\u00edculo suspeito.<\/p>\n\n\n\n<p>A equipe orientou o solicitante quantos aos procedimentos a serem tomados.<\/p>\n","protected":false},"excerpt":{"rendered":"<p>A equipe da Pol\u00edcia Militar de Mallet foi acionada para verificar uma den\u00fancia sobre um motociclista em atitude suspeita na localidade da Col\u00f4nia Uma. Segundo o Boletim de Ocorr\u00eancia, foi registrado por volta das 19:25 horas dessa ter\u00e7a-feira (28). De acordo com a solicita\u00e7\u00e3o, havia um motociclista rondando na regi\u00e3o e que ningu\u00e9m conhece tal [&hellip;]<\/p>\n","protected":false},"author":2,"featured_media":17323,"comment_status":"open","ping_status":"open","sticky":false,"template":"","format":"standard","meta":{"footnotes":""},"categories":[2],"tags":[172],"class_list":["post-17469","post","type-post","status-publish","format-standard","has-post-thumbnail","hentry","category-policial","tag-featured"],"amp_enabled":true,"_links":{"self":[{"href":"https:\/\/radiostudiow.com.br\/site\/wp-json\/wp\/v2\/posts\/17469","targetHints":{"allow":["GET"]}}],"collection":[{"href":"https:\/\/radiostudiow.com.br\/site\/wp-json\/wp\/v2\/posts"}],"about":[{"href":"https:\/\/radiostudiow.com.br\/site\/wp-json\/wp\/v2\/types\/post"}],"author":[{"embeddable":true,"href":"https:\/\/radiostudiow.com.br\/site\/wp-json\/wp\/v2\/users\/2"}],"replies":[{"embeddable":true,"href":"https:\/\/radiostudiow.com.br\/site\/wp-json\/wp\/v2\/comments?post=17469"}],"version-history":[{"count":1,"href":"https:\/\/radiostudiow.com.br\/site\/wp-json\/wp\/v2\/posts\/17469\/revisions"}],"predecessor-version":[{"id":17470,"href":"https:\/\/radiostudiow.com.br\/site\/wp-json\/wp\/v2\/posts\/17469\/revisions\/17470"}],"wp:featuredmedia":[{"embeddable":true,"href":"https:\/\/radiostudiow.com.br\/site\/wp-json\/wp\/v2\/media\/17323"}],"wp:attachment":[{"href":"https:\/\/radiostudiow.com.br\/site\/wp-json\/wp\/v2\/media?parent=17469"}],"wp:term":[{"taxonomy":"category","embeddable":true,"href":"https:\/\/radiostudiow.com.br\/site\/wp-json\/wp\/v2\/categories?post=17469"},{"taxonomy":"post_tag","embeddable":true,"href":"https:\/\/radiostudiow.com.br\/site\/wp-json\/wp\/v2\/tags?post=17469"}],"curies":[{"name":"wp","href":"https:\/\/api.w.org\/{rel}","templated":true}]}}