{"id":17478,"date":"2023-11-30T10:13:31","date_gmt":"2023-11-30T13:13:31","guid":{"rendered":"https:\/\/radiostudiow.com.br\/site\/?p=17478"},"modified":"2025-01-31T15:02:29","modified_gmt":"2025-01-31T18:02:29","slug":"homem-e-preso-por-porte-ilegal-de-arma-de-fogo-em-paulo-frontin","status":"publish","type":"post","link":"https:\/\/radiostudiow.com.br\/site\/2023\/11\/30\/homem-e-preso-por-porte-ilegal-de-arma-de-fogo-em-paulo-frontin\/","title":{"rendered":"HOMEM \u00c9 PRESO POR PORTE ILEGAL DE ARMA DE FOGO EM PAULO FRONTIN"},"content":{"rendered":"\n<p>A equipe da Pol\u00edcia Militar de Paulo Frontin prendeu um homem por porte ilegal de arma de fogo por volta das 18:00 horas dessa quarta-feira (29).<\/p>\n\n\n\n<figure class=\"wp-block-image size-full\"><img decoding=\"async\" src=\"https:\/\/radiostudiow.com.br\/site\/wp-content\/uploads\/2023\/10\/SITE-GRANDE-1.png\" alt=\"\" class=\"wp-image-16374\"\/><\/figure>\n\n\n\n<p>De acordo com o relat\u00f3rio policial, o homem estaria em um ve\u00edculo que foi abordado pelas autoridades. Durante revista no carro, os policiais encontraram uma arma de fogo, pistola 9 mil\u00edmetros,  em situa\u00e7\u00e3o irregular com numera\u00e7\u00e3o raspada.<\/p>\n\n\n\n<p>Diante dos fatos, o homem recebeu voz de pris\u00e3o e foi encaminhado, junto da arma apreendida, \u00e0 Delegacia para as provid\u00eancias cab\u00edveis.<\/p>\n","protected":false},"excerpt":{"rendered":"<p>A equipe da Pol\u00edcia Militar de Paulo Frontin prendeu um homem por porte ilegal de arma de fogo por volta das 18:00 horas dessa quarta-feira (29). De acordo com o relat\u00f3rio policial, o homem estaria em um ve\u00edculo que foi abordado pelas autoridades. Durante revista no carro, os policiais encontraram uma arma de fogo, pistola [&hellip;]<\/p>\n","protected":false},"author":2,"featured_media":17480,"comment_status":"open","ping_status":"open","sticky":false,"template":"","format":"standard","meta":{"footnotes":""},"categories":[2],"tags":[172],"class_list":["post-17478","post","type-post","status-publish","format-standard","has-post-thumbnail","hentry","category-policial","tag-featured"],"amp_enabled":true,"_links":{"self":[{"href":"https:\/\/radiostudiow.com.br\/site\/wp-json\/wp\/v2\/posts\/17478","targetHints":{"allow":["GET"]}}],"collection":[{"href":"https:\/\/radiostudiow.com.br\/site\/wp-json\/wp\/v2\/posts"}],"about":[{"href":"https:\/\/radiostudiow.com.br\/site\/wp-json\/wp\/v2\/types\/post"}],"author":[{"embeddable":true,"href":"https:\/\/radiostudiow.com.br\/site\/wp-json\/wp\/v2\/users\/2"}],"replies":[{"embeddable":true,"href":"https:\/\/radiostudiow.com.br\/site\/wp-json\/wp\/v2\/comments?post=17478"}],"version-history":[{"count":4,"href":"https:\/\/radiostudiow.com.br\/site\/wp-json\/wp\/v2\/posts\/17478\/revisions"}],"predecessor-version":[{"id":17483,"href":"https:\/\/radiostudiow.com.br\/site\/wp-json\/wp\/v2\/posts\/17478\/revisions\/17483"}],"wp:featuredmedia":[{"embeddable":true,"href":"https:\/\/radiostudiow.com.br\/site\/wp-json\/wp\/v2\/media\/17480"}],"wp:attachment":[{"href":"https:\/\/radiostudiow.com.br\/site\/wp-json\/wp\/v2\/media?parent=17478"}],"wp:term":[{"taxonomy":"category","embeddable":true,"href":"https:\/\/radiostudiow.com.br\/site\/wp-json\/wp\/v2\/categories?post=17478"},{"taxonomy":"post_tag","embeddable":true,"href":"https:\/\/radiostudiow.com.br\/site\/wp-json\/wp\/v2\/tags?post=17478"}],"curies":[{"name":"wp","href":"https:\/\/api.w.org\/{rel}","templated":true}]}}