{"id":17484,"date":"2023-11-30T11:01:56","date_gmt":"2023-11-30T14:01:56","guid":{"rendered":"https:\/\/radiostudiow.com.br\/site\/?p=17484"},"modified":"2025-01-31T15:02:28","modified_gmt":"2025-01-31T18:02:28","slug":"coletor-de-recicleveis-de-sao-mateus-do-sul-e-vitima-de-agressao-e-roubo","status":"publish","type":"post","link":"https:\/\/radiostudiow.com.br\/site\/2023\/11\/30\/coletor-de-recicleveis-de-sao-mateus-do-sul-e-vitima-de-agressao-e-roubo\/","title":{"rendered":"COLETOR DE RECICL\u00c9VEIS DE S\u00c3O MATEUS DO SUL \u00c9 V\u00cdTIMA DE AGRESS\u00c3O E ROUBO"},"content":{"rendered":"\n<p>A equipe da Pol\u00edcia Militar de S\u00e3o Mateus do Sul foi acionada para atender uma ocorr\u00eancia de apoio ao Samu ap\u00f3s uma v\u00edtima de agress\u00e3o durante rouba ser atendida na manh\u00e3 de quarta-feira (29).<\/p>\n\n\n\n<figure class=\"wp-block-image size-full\"><img loading=\"lazy\" decoding=\"async\" width=\"897\" height=\"204\" src=\"https:\/\/radiostudiow.com.br\/site\/wp-content\/uploads\/2023\/10\/SITE-GRANDE3.png\" alt=\"\" class=\"wp-image-16341\" srcset=\"https:\/\/radiostudiow.com.br\/site\/wp-content\/uploads\/2023\/10\/SITE-GRANDE3.png 897w, https:\/\/radiostudiow.com.br\/site\/wp-content\/uploads\/2023\/10\/SITE-GRANDE3-300x68.png 300w, https:\/\/radiostudiow.com.br\/site\/wp-content\/uploads\/2023\/10\/SITE-GRANDE3-768x175.png 768w\" sizes=\"auto, (max-width: 897px) 100vw, 897px\" \/><\/figure>\n\n\n\n<p>No Pronto Atendimento Municipal, os policiais entraram em contato com a v\u00edtima, a qual relatou que estava juntando materiais reciclados e viu alguns indiv\u00edduos vindo em sua dire\u00e7\u00e3o, mas n\u00e3o achou que estava correndo perigo, at\u00e9 o momento que se aproximaram e come\u00e7aram a lhe agredir com socos e chutes.<\/p>\n\n\n\n<p>Ap\u00f3s o ato a v\u00edtima notou que foi levado sua carteira com todos seus documentos e certa quantia em dinheiro. Ela disse aos policiais que n\u00e3o conhece os suspeitos. Equipe orientou a v\u00edtima quanto aos procedimentos e por fim realizou o boletim de ocorr\u00eancia.<\/p>\n","protected":false},"excerpt":{"rendered":"<p>A equipe da Pol\u00edcia Militar de S\u00e3o Mateus do Sul foi acionada para atender uma ocorr\u00eancia de apoio ao Samu ap\u00f3s uma v\u00edtima de agress\u00e3o durante rouba ser atendida na manh\u00e3 de quarta-feira (29). No Pronto Atendimento Municipal, os policiais entraram em contato com a v\u00edtima, a qual relatou que estava juntando materiais reciclados e [&hellip;]<\/p>\n","protected":false},"author":2,"featured_media":13773,"comment_status":"open","ping_status":"open","sticky":false,"template":"","format":"standard","meta":{"footnotes":""},"categories":[2],"tags":[172],"class_list":["post-17484","post","type-post","status-publish","format-standard","has-post-thumbnail","hentry","category-policial","tag-featured"],"amp_enabled":true,"_links":{"self":[{"href":"https:\/\/radiostudiow.com.br\/site\/wp-json\/wp\/v2\/posts\/17484","targetHints":{"allow":["GET"]}}],"collection":[{"href":"https:\/\/radiostudiow.com.br\/site\/wp-json\/wp\/v2\/posts"}],"about":[{"href":"https:\/\/radiostudiow.com.br\/site\/wp-json\/wp\/v2\/types\/post"}],"author":[{"embeddable":true,"href":"https:\/\/radiostudiow.com.br\/site\/wp-json\/wp\/v2\/users\/2"}],"replies":[{"embeddable":true,"href":"https:\/\/radiostudiow.com.br\/site\/wp-json\/wp\/v2\/comments?post=17484"}],"version-history":[{"count":2,"href":"https:\/\/radiostudiow.com.br\/site\/wp-json\/wp\/v2\/posts\/17484\/revisions"}],"predecessor-version":[{"id":17486,"href":"https:\/\/radiostudiow.com.br\/site\/wp-json\/wp\/v2\/posts\/17484\/revisions\/17486"}],"wp:featuredmedia":[{"embeddable":true,"href":"https:\/\/radiostudiow.com.br\/site\/wp-json\/wp\/v2\/media\/13773"}],"wp:attachment":[{"href":"https:\/\/radiostudiow.com.br\/site\/wp-json\/wp\/v2\/media?parent=17484"}],"wp:term":[{"taxonomy":"category","embeddable":true,"href":"https:\/\/radiostudiow.com.br\/site\/wp-json\/wp\/v2\/categories?post=17484"},{"taxonomy":"post_tag","embeddable":true,"href":"https:\/\/radiostudiow.com.br\/site\/wp-json\/wp\/v2\/tags?post=17484"}],"curies":[{"name":"wp","href":"https:\/\/api.w.org\/{rel}","templated":true}]}}