{"id":17487,"date":"2023-11-30T12:00:24","date_gmt":"2023-11-30T15:00:24","guid":{"rendered":"https:\/\/radiostudiow.com.br\/site\/?p=17487"},"modified":"2025-01-31T15:02:28","modified_gmt":"2025-01-31T18:02:28","slug":"vereadores-de-mallet-decidem-nesta-proxima-segunda-feira-se-familias-malletenses-serao-contempladas-com-terreno-para-construcao-de-sua-casa-propria","status":"publish","type":"post","link":"https:\/\/radiostudiow.com.br\/site\/2023\/11\/30\/vereadores-de-mallet-decidem-nesta-proxima-segunda-feira-se-familias-malletenses-serao-contempladas-com-terreno-para-construcao-de-sua-casa-propria\/","title":{"rendered":"VEREADORES DE MALLET DECIDEM NESTA PR\u00d3XIMA SEGUNDA FEIRA SE FAM\u00cdLIAS MALLETENSES SER\u00c3O CONTEMPLADAS COM TERRENO PARA CONSTRU\u00c7\u00c3O DE SUA CASA PR\u00d3PRIA"},"content":{"rendered":"\n<p><em><strong>O projeto de lei est\u00e1 passando por uma fase de an\u00e1lise e ser\u00e1 discutido e votado pelos representantes do munic\u00edpio. Centenas de pessoas aguardam na fila na esperan\u00e7a de conquistar o seu pr\u00f3prio lar.<\/strong><\/em><\/p>\n\n\n\n<figure class=\"wp-block-image size-full\"><img decoding=\"async\" src=\"https:\/\/radiostudiow.com.br\/site\/wp-content\/uploads\/2023\/10\/SITE-GRANDE4.png\" alt=\"\" class=\"wp-image-16367\"\/><\/figure>\n\n\n\n<p>Nesta pr\u00f3xima segunda-feira dia 04 de dezembro, poder\u00e1 ser um dia de muita felicidade para quase 700 inscritos em um programa de habita\u00e7\u00e3o em que a Prefeitura de Mallet, est\u00e1 realizando.<br>A administra\u00e7\u00e3o municipal enviou no dia 06 de novembro, um Projeto de Lei para a C\u00e2mara de Vereadores, que tem como objetivo a doa\u00e7\u00e3o de terrenos para as fam\u00edlias que se inscreveram neste programa.<br>Com isso vai beneficiar 74 fam\u00edlias, que receber\u00e3o os lotes, contudo, a constru\u00e7\u00e3o das casas ser\u00e1 estabelecida conforme preveem no projeto de lei, onde apenas pessoas ou fam\u00edlias que atendam aos requisitos da legisla\u00e7\u00e3o do Programa \u201cMinha Casa, Minha Vida\u201d, o qual possam cumprir os crit\u00e9rios da Pol\u00edtica Municipal de Habita\u00e7\u00e3o.<\/p>\n\n\n\n<figure class=\"wp-block-image size-full\"><img loading=\"lazy\" decoding=\"async\" width=\"988\" height=\"877\" src=\"https:\/\/radiostudiow.com.br\/site\/wp-content\/uploads\/2023\/11\/image-135.png\" alt=\"\" class=\"wp-image-17489\" srcset=\"https:\/\/radiostudiow.com.br\/site\/wp-content\/uploads\/2023\/11\/image-135.png 988w, https:\/\/radiostudiow.com.br\/site\/wp-content\/uploads\/2023\/11\/image-135-300x266.png 300w, https:\/\/radiostudiow.com.br\/site\/wp-content\/uploads\/2023\/11\/image-135-768x682.png 768w\" sizes=\"auto, (max-width: 988px) 100vw, 988px\" \/><\/figure>\n\n\n\n<figure class=\"wp-block-image size-full\"><img decoding=\"async\" src=\"https:\/\/radiostudiow.com.br\/site\/wp-content\/uploads\/2023\/10\/SITE-MEDIO3.png\" alt=\"\" class=\"wp-image-16382\"\/><\/figure>\n\n\n\n<p><br>De acordo com o setor jur\u00eddico da prefeitura municipal, os lotes ser\u00e3o doados diretamente aos benefici\u00e1rios aprovados pelo Programa, onde tem a parceria com a Caixa Econ\u00f4mica Federal, que \u00e9 respons\u00e1vel pela gest\u00e3o financeira.<br><em><strong>\u201cAs fam\u00edlias dever\u00e3o comprovar a renda compat\u00edvel com o pagamento da parcela e que, esteja trabalhando na mesma empresa por mais de dois anos. Essas exist\u00eancias s\u00e3o feitas pela da Caixa Econ\u00f4mica, sendo diferente do programa da COAPHAR\u201d, explicou a Dra. Tania Leticia Salvatti, Procuradora Chefe da Prefeitura Municipal de Mallet.<\/strong><\/em><\/p>\n\n\n\n<p><br>Em conversa com o prefeito Moacir Szinvelski, se diz preocupado com o tempo que est\u00e1 levando para a aprova\u00e7\u00e3o, e o prazo \u00e9 pequeno para que ocorra esse projeto, pois se n\u00e3o for aprovado esse ano de 2023, o programa de habita\u00e7\u00e3o ser\u00e1 perdido e a aprova\u00e7\u00e3o depende unicamente nesse momento dos vereadores e estamos aguardando a aprova\u00e7\u00e3o, o que ainda n\u00e3o aconteceu.<br><em><strong>\u201cEstou otimista que os vereadores entendam a import\u00e2ncia dessa aprova\u00e7\u00e3o, pois em Mallet faltam muitas casas, e esse projeto n\u00e3o resolver\u00e1 o problema da nossa cidade, mas \u00e9 o in\u00edcio para melhorar a vida de muitas fam\u00edlias\u201d, salientou Szinvelski a nossa reportagem.<\/strong><\/em><\/p>\n\n\n\n<p><br>Perguntamos ao Prefeito Moacir o porqu\u00ea da utiliza\u00e7\u00e3o do terreno onde est\u00e1 situado o antigo est\u00e1dio de futebol para ser destinada a constru\u00e7\u00e3o de moradias a popula\u00e7\u00e3o malletense. De acordo com Moacir, a prefeitura n\u00e3o possui uma \u00e1rea maior onde possa abrigar um grande montante de casas.<\/p>\n\n\n\n<figure class=\"wp-block-image size-full\"><img loading=\"lazy\" decoding=\"async\" width=\"607\" height=\"709\" src=\"https:\/\/radiostudiow.com.br\/site\/wp-content\/uploads\/2023\/11\/image-136.png\" alt=\"\" class=\"wp-image-17490\" srcset=\"https:\/\/radiostudiow.com.br\/site\/wp-content\/uploads\/2023\/11\/image-136.png 607w, https:\/\/radiostudiow.com.br\/site\/wp-content\/uploads\/2023\/11\/image-136-257x300.png 257w\" sizes=\"auto, (max-width: 607px) 100vw, 607px\" \/><\/figure>\n\n\n\n<figure class=\"wp-block-image size-full\"><img loading=\"lazy\" decoding=\"async\" width=\"598\" height=\"204\" src=\"https:\/\/radiostudiow.com.br\/site\/wp-content\/uploads\/2023\/10\/SITE-MEDIO.png\" alt=\"\" class=\"wp-image-16319\" srcset=\"https:\/\/radiostudiow.com.br\/site\/wp-content\/uploads\/2023\/10\/SITE-MEDIO.png 598w, https:\/\/radiostudiow.com.br\/site\/wp-content\/uploads\/2023\/10\/SITE-MEDIO-300x102.png 300w\" sizes=\"auto, (max-width: 598px) 100vw, 598px\" \/><\/figure>\n\n\n\n<p><strong><em>\u201cLutamos muito pra conseguir reconquistar esse terreno, pagando muitos precat\u00f3rios que foi abandonado por outras gest\u00f5es e deixando a nossa administra\u00e7\u00e3o de investir em obras no munic\u00edpio. Nada mais justo do que presentear nossa popula\u00e7\u00e3o para ter um cantinho pra chamar de seu lar e n\u00e3o podemos mais adiar isso\u201d, destacou com emo\u00e7\u00e3o o prefeito Moacir.<\/em><\/strong><br>Vale lembrar que s\u00e3o terrenos que variam de 200 m\u00b2 a 240 m\u00b2, sendo distribu\u00eddas em 05 quadras projetadas.<\/p>\n\n\n\n<p><br>A R\u00e1dio Studio W conversou com uma fam\u00edlia que poder\u00e1 ser beneficiada neste programa e garantir a t\u00e3o sonhada casa pr\u00f3pria. <em><strong>\u201cMeu marido e eu trabalhamos, temos carteira assinada, e renda de quase R$ 4.000,00, mas hoje n\u00e3o conseguimos guardar dinheiro para comprar um terreno e construir nossa casa, pois pagamos de aluguel R$ 700,00 e infelizmente n\u00e3o sobra dinheiro\u201d.<\/strong><\/em><\/p>\n\n\n\n<p><br>A m\u00e3e de fam\u00edlia que pediu pra n\u00e3o ser identificada comentou ainda da dificuldade que se tem para conseguir arcar com a custa de forma pr\u00f3pria na constru\u00e7\u00e3o de sua casa. <em><strong>\u201cFui \u00e0 Caixa Econ\u00f4mica para verificar um financiamento de casa e terreno e mesmo que vend\u00eassemos nosso carro para dar de entrada, a parcela ficaria muito alta, infelizmente \u00e9 imposs\u00edvel. Agora se ganharmos o terreno, poderemos pagar a parcela da casa, que tem um valor um pouco maior que o aluguel. \u00c9 um sonho para n\u00f3s\u201d, frisou de forma emocionada essa poss\u00edvel contemplada que se encaixa nos requisitos solicitados.<\/strong><\/em><\/p>\n\n\n\n<figure class=\"wp-block-image size-large\"><img loading=\"lazy\" decoding=\"async\" width=\"727\" height=\"1024\" src=\"https:\/\/radiostudiow.com.br\/site\/wp-content\/uploads\/2023\/11\/image-137-727x1024.png\" alt=\"\" class=\"wp-image-17491\" srcset=\"https:\/\/radiostudiow.com.br\/site\/wp-content\/uploads\/2023\/11\/image-137-727x1024.png 727w, https:\/\/radiostudiow.com.br\/site\/wp-content\/uploads\/2023\/11\/image-137-213x300.png 213w, https:\/\/radiostudiow.com.br\/site\/wp-content\/uploads\/2023\/11\/image-137-768x1082.png 768w, https:\/\/radiostudiow.com.br\/site\/wp-content\/uploads\/2023\/11\/image-137.png 852w\" sizes=\"auto, (max-width: 727px) 100vw, 727px\" \/><\/figure>\n\n\n\n<p><br>A nossa reportagem questionou a administra\u00e7\u00e3o municipal sobre como ficar\u00e1 a situa\u00e7\u00e3o daquelas fam\u00edlias que n\u00e3o podem pagar o financiamento.<br>Por meio de nota, o setor de Planejamento informou que a Prefeitura tamb\u00e9m est\u00e1 trabalhando nesse sentido. <strong><em>\u201cPretendemos dar in\u00edcio a mais esse projeto. Ocorre que, as formas de aprova\u00e7\u00e3o dos programas s\u00e3o diferentes, mas estamos trabalhando incansavelmente para transformar Mallet em um lugar melhor para todos\u201d.<\/em><\/strong><\/p>\n\n\n\n<p><br>A Studio W, tamb\u00e9m entrou em contato com a C\u00e2mara de Vereadores de Mallet e por meio de mensagem nos informaram que nesta quinta-feira \u00e0s 17h00min, ser\u00e1 realizado uma reuni\u00e3o com o Poder Executivo do munic\u00edpio e depender\u00e1 muito deste encontro, mas a ideia \u00e9 ser votado na segunda-feira dia 04 de dezembro mesmo, em uma Sess\u00e3o Extraordin\u00e1ria, j\u00e1 que os vereadores se encontram em recesso parlamentear desde o dia 27 de novembro, e retornam apenas em fevereiro do ano que vem.<\/p>\n","protected":false},"excerpt":{"rendered":"<p>O projeto de lei est\u00e1 passando por uma fase de an\u00e1lise e ser\u00e1 discutido e votado pelos representantes do munic\u00edpio. Centenas de pessoas aguardam na fila na esperan\u00e7a de conquistar o seu pr\u00f3prio lar. Nesta pr\u00f3xima segunda-feira dia 04 de dezembro, poder\u00e1 ser um dia de muita felicidade para quase 700 inscritos em um programa [&hellip;]<\/p>\n","protected":false},"author":2,"featured_media":17488,"comment_status":"open","ping_status":"open","sticky":false,"template":"","format":"standard","meta":{"footnotes":""},"categories":[184],"tags":[172],"class_list":["post-17487","post","type-post","status-publish","format-standard","has-post-thumbnail","hentry","category-local","tag-featured"],"amp_enabled":true,"_links":{"self":[{"href":"https:\/\/radiostudiow.com.br\/site\/wp-json\/wp\/v2\/posts\/17487","targetHints":{"allow":["GET"]}}],"collection":[{"href":"https:\/\/radiostudiow.com.br\/site\/wp-json\/wp\/v2\/posts"}],"about":[{"href":"https:\/\/radiostudiow.com.br\/site\/wp-json\/wp\/v2\/types\/post"}],"author":[{"embeddable":true,"href":"https:\/\/radiostudiow.com.br\/site\/wp-json\/wp\/v2\/users\/2"}],"replies":[{"embeddable":true,"href":"https:\/\/radiostudiow.com.br\/site\/wp-json\/wp\/v2\/comments?post=17487"}],"version-history":[{"count":1,"href":"https:\/\/radiostudiow.com.br\/site\/wp-json\/wp\/v2\/posts\/17487\/revisions"}],"predecessor-version":[{"id":17492,"href":"https:\/\/radiostudiow.com.br\/site\/wp-json\/wp\/v2\/posts\/17487\/revisions\/17492"}],"wp:featuredmedia":[{"embeddable":true,"href":"https:\/\/radiostudiow.com.br\/site\/wp-json\/wp\/v2\/media\/17488"}],"wp:attachment":[{"href":"https:\/\/radiostudiow.com.br\/site\/wp-json\/wp\/v2\/media?parent=17487"}],"wp:term":[{"taxonomy":"category","embeddable":true,"href":"https:\/\/radiostudiow.com.br\/site\/wp-json\/wp\/v2\/categories?post=17487"},{"taxonomy":"post_tag","embeddable":true,"href":"https:\/\/radiostudiow.com.br\/site\/wp-json\/wp\/v2\/tags?post=17487"}],"curies":[{"name":"wp","href":"https:\/\/api.w.org\/{rel}","templated":true}]}}