{"id":17532,"date":"2023-12-02T11:08:38","date_gmt":"2023-12-02T14:08:38","guid":{"rendered":"https:\/\/radiostudiow.com.br\/site\/?p=17532"},"modified":"2025-01-31T15:02:28","modified_gmt":"2025-01-31T18:02:28","slug":"briga-entre-familia-por-terreno-termina-com-na-policia-em-paulo-frontin","status":"publish","type":"post","link":"https:\/\/radiostudiow.com.br\/site\/2023\/12\/02\/briga-entre-familia-por-terreno-termina-com-na-policia-em-paulo-frontin\/","title":{"rendered":"BRIGA ENTRE FAM\u00cdLIA POR TERRENO TERMINA COM NA POL\u00cdCIA EM PAULO FRONTIN"},"content":{"rendered":"\n<p>A equipe da Pol\u00edcia Militar de Paulo Frontin registra uma situa\u00e7\u00e3o de abordagem de suspeito ap\u00f3s solicita\u00e7\u00e3o por volta das 10:47 horas dessa sexta-feira, 01 de dezembro, na \u00e1rea central da cidade.<\/p>\n\n\n\n<figure class=\"wp-block-image size-full\"><img loading=\"lazy\" decoding=\"async\" width=\"897\" height=\"204\" src=\"https:\/\/radiostudiow.com.br\/site\/wp-content\/uploads\/2023\/10\/SITE-GRANDE3.png\" alt=\"\" class=\"wp-image-16341\" srcset=\"https:\/\/radiostudiow.com.br\/site\/wp-content\/uploads\/2023\/10\/SITE-GRANDE3.png 897w, https:\/\/radiostudiow.com.br\/site\/wp-content\/uploads\/2023\/10\/SITE-GRANDE3-300x68.png 300w, https:\/\/radiostudiow.com.br\/site\/wp-content\/uploads\/2023\/10\/SITE-GRANDE3-768x175.png 768w\" sizes=\"auto, (max-width: 897px) 100vw, 897px\" \/><\/figure>\n\n\n\n<p>Um senhor compareceu ao PPM relatando que um terreno de sua fam\u00edlia esta em invent\u00e1rio e que estariam usando o terreno irregularmente para plantio. Uma vez que h\u00e1 uma liminar impedindo.<\/p>\n\n\n\n<p>No local, os policiais entraram em contato com a senhora, a qual se identificou inventariante e m\u00e3e do senhor, ela estava acompanhada de seu filho que apresentou documenta\u00e7\u00e3o do processo. Ele relatou que sua genitora autorizou a entrada e arrendamento do terreno.<\/p>\n\n\n\n<figure class=\"wp-block-image size-full\"><img decoding=\"async\" src=\"https:\/\/radiostudiow.com.br\/site\/wp-content\/uploads\/2023\/10\/SITE-GRANDE2.png\" alt=\"\" class=\"wp-image-16368\"\/><\/figure>\n\n\n\n<p>A referida liminar da a posse a manuten\u00e7\u00e3o ao solicitante de aproximadamente, 300.000 m2 dentro da \u00e1rea 5.949, a qual tem mais de 3 milh\u00f5es de m2. Sendo quem n\u00e3o ficou claro, qual \u00e9 a \u00e1rea que o solicitante tem a liminar.<\/p>\n\n\n\n<p>Diante da situa\u00e7\u00e3o a equipe da Pol\u00edcia Militar orientou as partes envolvidas quanto aos procedimentos cab\u00edveis.<\/p>\n","protected":false},"excerpt":{"rendered":"<p>A equipe da Pol\u00edcia Militar de Paulo Frontin registra uma situa\u00e7\u00e3o de abordagem de suspeito ap\u00f3s solicita\u00e7\u00e3o por volta das 10:47 horas dessa sexta-feira, 01 de dezembro, na \u00e1rea central da cidade. Um senhor compareceu ao PPM relatando que um terreno de sua fam\u00edlia esta em invent\u00e1rio e que estariam usando o terreno irregularmente para [&hellip;]<\/p>\n","protected":false},"author":2,"featured_media":15416,"comment_status":"open","ping_status":"open","sticky":false,"template":"","format":"standard","meta":{"footnotes":""},"categories":[2],"tags":[172],"class_list":["post-17532","post","type-post","status-publish","format-standard","has-post-thumbnail","hentry","category-policial","tag-featured"],"amp_enabled":true,"_links":{"self":[{"href":"https:\/\/radiostudiow.com.br\/site\/wp-json\/wp\/v2\/posts\/17532","targetHints":{"allow":["GET"]}}],"collection":[{"href":"https:\/\/radiostudiow.com.br\/site\/wp-json\/wp\/v2\/posts"}],"about":[{"href":"https:\/\/radiostudiow.com.br\/site\/wp-json\/wp\/v2\/types\/post"}],"author":[{"embeddable":true,"href":"https:\/\/radiostudiow.com.br\/site\/wp-json\/wp\/v2\/users\/2"}],"replies":[{"embeddable":true,"href":"https:\/\/radiostudiow.com.br\/site\/wp-json\/wp\/v2\/comments?post=17532"}],"version-history":[{"count":2,"href":"https:\/\/radiostudiow.com.br\/site\/wp-json\/wp\/v2\/posts\/17532\/revisions"}],"predecessor-version":[{"id":17534,"href":"https:\/\/radiostudiow.com.br\/site\/wp-json\/wp\/v2\/posts\/17532\/revisions\/17534"}],"wp:featuredmedia":[{"embeddable":true,"href":"https:\/\/radiostudiow.com.br\/site\/wp-json\/wp\/v2\/media\/15416"}],"wp:attachment":[{"href":"https:\/\/radiostudiow.com.br\/site\/wp-json\/wp\/v2\/media?parent=17532"}],"wp:term":[{"taxonomy":"category","embeddable":true,"href":"https:\/\/radiostudiow.com.br\/site\/wp-json\/wp\/v2\/categories?post=17532"},{"taxonomy":"post_tag","embeddable":true,"href":"https:\/\/radiostudiow.com.br\/site\/wp-json\/wp\/v2\/tags?post=17532"}],"curies":[{"name":"wp","href":"https:\/\/api.w.org\/{rel}","templated":true}]}}