{"id":17573,"date":"2023-12-04T20:31:13","date_gmt":"2023-12-04T23:31:13","guid":{"rendered":"https:\/\/radiostudiow.com.br\/site\/?p=17573"},"modified":"2025-01-31T15:02:28","modified_gmt":"2025-01-31T18:02:28","slug":"acidente-na-br-280-deixa-cinco-pessoas-feridas-e-uma-em-obito","status":"publish","type":"post","link":"https:\/\/radiostudiow.com.br\/site\/2023\/12\/04\/acidente-na-br-280-deixa-cinco-pessoas-feridas-e-uma-em-obito\/","title":{"rendered":"ACIDENTE NA BR-280 DEIXA CINCO PESSOAS FERIDAS E UMA EM \u00d3BITO"},"content":{"rendered":"\n<p>Um grave acidente envolvendo dois ve\u00edculos mobilizou equipes do Corpo de Bombeiros de Porto Uni\u00e3o, Irine\u00f3polis e Uni\u00e3o da Vit\u00f3ria por volta das 20:10 horas desse domingo (03).<\/p>\n\n\n\n<figure class=\"wp-block-image size-full\"><img loading=\"lazy\" decoding=\"async\" width=\"897\" height=\"204\" src=\"https:\/\/radiostudiow.com.br\/site\/wp-content\/uploads\/2023\/10\/SITE-GRANDE3.png\" alt=\"\" class=\"wp-image-16341\" srcset=\"https:\/\/radiostudiow.com.br\/site\/wp-content\/uploads\/2023\/10\/SITE-GRANDE3.png 897w, https:\/\/radiostudiow.com.br\/site\/wp-content\/uploads\/2023\/10\/SITE-GRANDE3-300x68.png 300w, https:\/\/radiostudiow.com.br\/site\/wp-content\/uploads\/2023\/10\/SITE-GRANDE3-768x175.png 768w\" sizes=\"auto, (max-width: 897px) 100vw, 897px\" \/><\/figure>\n\n\n\n<p>De acordo com informa\u00e7\u00f5es, o acidente aconteceu na rodovia BR-280, na altura do quil\u00f4metro 296 e envolveu um ve\u00edculo Fiat\/Uno Mille de cor preta com placas de Canoinhas e um Renault\/Clio de cor preta com placas de Porto Uni\u00e3o.<\/p>\n\n\n\n<p>No Fiat\/Uno estavam cinco pessoas, sendo o motorista, uma mulher de 36 anos, uma crian\u00e7a de 05 anos e dois adolescentes de 12 e 15 anos. Todos foram socorridas e encaminhados para cuidados m\u00e9dicos.<\/p>\n\n\n\n<p>No Renault\/Clio estava uma mulher de 22 anos que tamb\u00e9m foi encaminhada para o hospital.<\/p>\n\n\n\n<figure class=\"wp-block-image size-large is-resized\"><img decoding=\"async\" src=\"https:\/\/radiostudiow.com.br\/site\/wp-content\/uploads\/2023\/12\/Aniversarios-10x-sem-Juros-Irati-web_Post-1024x1024.png\" alt=\"\" class=\"wp-image-17575\" style=\"width:490px;height:auto\"\/><\/figure>\n\n\n\n<p><strong>O motorista do ve\u00edculo Fiat\/Uno n\u00e3o resistiu aos ferimentos e morreu no hospital.<\/strong><\/p>\n\n\n\n<p>O motorista de 42 anos, identificado como Ademir Jesiel da Silva, foi socorrido consciente e orientado, no entanto, apresentava sinais vitais inst\u00e1veis, com suspeita de traumatismo cr\u00e2nioencef\u00e1lico, escoria\u00e7\u00f5es na face, ferimento corte contudo de aproximadamente 09 cent\u00edmetros e suspeita de fraturas no bra\u00e7o e perna direita.<\/p>\n\n\n\n<p>Sua esposa de 36 anos que precisou ser transferida para o hospital de Mafra\/SC, em raz\u00e3o da gravidade dos ferimentos. Al\u00e9m da mulher, tamb\u00e9m estava os tr\u00eas filhos do casal, de 05, 12 e 15 anos, os quais tamb\u00e9m ficaram feridos.<a href=\"https:\/\/canal4.tv.br\/wp-content\/uploads\/2022\/09\/Screenshot_20220930-202823_Gallery-e1664580594411.jpg\"><\/a><\/p>\n\n\n\n<p>Ademir foi retirado das ferragens do ve\u00edculo e encaminhado para o hospital Regional em Uni\u00e3o da Vit\u00f3ria, onde n\u00e3o resistiu e morreu horas depois.<\/p>\n","protected":false},"excerpt":{"rendered":"<p>Um grave acidente envolvendo dois ve\u00edculos mobilizou equipes do Corpo de Bombeiros de Porto Uni\u00e3o, Irine\u00f3polis e Uni\u00e3o da Vit\u00f3ria por volta das 20:10 horas desse domingo (03). De acordo com informa\u00e7\u00f5es, o acidente aconteceu na rodovia BR-280, na altura do quil\u00f4metro 296 e envolveu um ve\u00edculo Fiat\/Uno Mille de cor preta com placas de [&hellip;]<\/p>\n","protected":false},"author":2,"featured_media":17574,"comment_status":"open","ping_status":"open","sticky":false,"template":"","format":"standard","meta":{"footnotes":""},"categories":[185],"tags":[172],"class_list":["post-17573","post","type-post","status-publish","format-standard","has-post-thumbnail","hentry","category-regional","tag-featured"],"amp_enabled":true,"_links":{"self":[{"href":"https:\/\/radiostudiow.com.br\/site\/wp-json\/wp\/v2\/posts\/17573","targetHints":{"allow":["GET"]}}],"collection":[{"href":"https:\/\/radiostudiow.com.br\/site\/wp-json\/wp\/v2\/posts"}],"about":[{"href":"https:\/\/radiostudiow.com.br\/site\/wp-json\/wp\/v2\/types\/post"}],"author":[{"embeddable":true,"href":"https:\/\/radiostudiow.com.br\/site\/wp-json\/wp\/v2\/users\/2"}],"replies":[{"embeddable":true,"href":"https:\/\/radiostudiow.com.br\/site\/wp-json\/wp\/v2\/comments?post=17573"}],"version-history":[{"count":1,"href":"https:\/\/radiostudiow.com.br\/site\/wp-json\/wp\/v2\/posts\/17573\/revisions"}],"predecessor-version":[{"id":17576,"href":"https:\/\/radiostudiow.com.br\/site\/wp-json\/wp\/v2\/posts\/17573\/revisions\/17576"}],"wp:featuredmedia":[{"embeddable":true,"href":"https:\/\/radiostudiow.com.br\/site\/wp-json\/wp\/v2\/media\/17574"}],"wp:attachment":[{"href":"https:\/\/radiostudiow.com.br\/site\/wp-json\/wp\/v2\/media?parent=17573"}],"wp:term":[{"taxonomy":"category","embeddable":true,"href":"https:\/\/radiostudiow.com.br\/site\/wp-json\/wp\/v2\/categories?post=17573"},{"taxonomy":"post_tag","embeddable":true,"href":"https:\/\/radiostudiow.com.br\/site\/wp-json\/wp\/v2\/tags?post=17573"}],"curies":[{"name":"wp","href":"https:\/\/api.w.org\/{rel}","templated":true}]}}