{"id":17579,"date":"2023-12-05T09:51:40","date_gmt":"2023-12-05T12:51:40","guid":{"rendered":"https:\/\/radiostudiow.com.br\/site\/?p=17579"},"modified":"2025-01-31T15:02:28","modified_gmt":"2025-01-31T18:02:28","slug":"pm-de-mallet-presta-apoio-para-equipe-da-saude","status":"publish","type":"post","link":"https:\/\/radiostudiow.com.br\/site\/2023\/12\/05\/pm-de-mallet-presta-apoio-para-equipe-da-saude\/","title":{"rendered":"PM PRESTA APOIO PARA EQUIPE DA SA\u00daDE DE MALLET"},"content":{"rendered":"\n<p>Uma mulher, a qual se identificou como psic\u00f3loga da unidade de sa\u00fade compareceu ao Pelot\u00e3o da Pol\u00edcia Militar solicitante apoio para acompanhamento de um paciente por volta das 15:00 horas dessa segunda-feira (04).<\/p>\n\n\n\n<figure class=\"wp-block-image size-full\"><img loading=\"lazy\" decoding=\"async\" width=\"897\" height=\"204\" src=\"https:\/\/radiostudiow.com.br\/site\/wp-content\/uploads\/2023\/10\/SITE-GRANDE3.png\" alt=\"\" class=\"wp-image-16341\" srcset=\"https:\/\/radiostudiow.com.br\/site\/wp-content\/uploads\/2023\/10\/SITE-GRANDE3.png 897w, https:\/\/radiostudiow.com.br\/site\/wp-content\/uploads\/2023\/10\/SITE-GRANDE3-300x68.png 300w, https:\/\/radiostudiow.com.br\/site\/wp-content\/uploads\/2023\/10\/SITE-GRANDE3-768x175.png 768w\" sizes=\"auto, (max-width: 897px) 100vw, 897px\" \/><\/figure>\n\n\n\n<p>Os policiais se deslocaram at\u00e9 a localidade, do Vicinal Dez em acompanhamento da equipe de sa\u00fade, no local foi conversado com os familiares e com o homem, o qual foi encaminhado at\u00e9 o hospital S\u00e3o Pedro para iniciar o tratamento por depend\u00eancia do alcoolismo.<\/p>\n","protected":false},"excerpt":{"rendered":"<p>Uma mulher, a qual se identificou como psic\u00f3loga da unidade de sa\u00fade compareceu ao Pelot\u00e3o da Pol\u00edcia Militar solicitante apoio para acompanhamento de um paciente por volta das 15:00 horas dessa segunda-feira (04). Os policiais se deslocaram at\u00e9 a localidade, do Vicinal Dez em acompanhamento da equipe de sa\u00fade, no local foi conversado com os [&hellip;]<\/p>\n","protected":false},"author":2,"featured_media":17329,"comment_status":"open","ping_status":"open","sticky":false,"template":"","format":"standard","meta":{"footnotes":""},"categories":[2],"tags":[172],"class_list":["post-17579","post","type-post","status-publish","format-standard","has-post-thumbnail","hentry","category-policial","tag-featured"],"amp_enabled":true,"_links":{"self":[{"href":"https:\/\/radiostudiow.com.br\/site\/wp-json\/wp\/v2\/posts\/17579","targetHints":{"allow":["GET"]}}],"collection":[{"href":"https:\/\/radiostudiow.com.br\/site\/wp-json\/wp\/v2\/posts"}],"about":[{"href":"https:\/\/radiostudiow.com.br\/site\/wp-json\/wp\/v2\/types\/post"}],"author":[{"embeddable":true,"href":"https:\/\/radiostudiow.com.br\/site\/wp-json\/wp\/v2\/users\/2"}],"replies":[{"embeddable":true,"href":"https:\/\/radiostudiow.com.br\/site\/wp-json\/wp\/v2\/comments?post=17579"}],"version-history":[{"count":2,"href":"https:\/\/radiostudiow.com.br\/site\/wp-json\/wp\/v2\/posts\/17579\/revisions"}],"predecessor-version":[{"id":17588,"href":"https:\/\/radiostudiow.com.br\/site\/wp-json\/wp\/v2\/posts\/17579\/revisions\/17588"}],"wp:featuredmedia":[{"embeddable":true,"href":"https:\/\/radiostudiow.com.br\/site\/wp-json\/wp\/v2\/media\/17329"}],"wp:attachment":[{"href":"https:\/\/radiostudiow.com.br\/site\/wp-json\/wp\/v2\/media?parent=17579"}],"wp:term":[{"taxonomy":"category","embeddable":true,"href":"https:\/\/radiostudiow.com.br\/site\/wp-json\/wp\/v2\/categories?post=17579"},{"taxonomy":"post_tag","embeddable":true,"href":"https:\/\/radiostudiow.com.br\/site\/wp-json\/wp\/v2\/tags?post=17579"}],"curies":[{"name":"wp","href":"https:\/\/api.w.org\/{rel}","templated":true}]}}