{"id":17583,"date":"2023-12-05T09:59:59","date_gmt":"2023-12-05T12:59:59","guid":{"rendered":"https:\/\/radiostudiow.com.br\/site\/?p=17583"},"modified":"2025-01-31T15:02:28","modified_gmt":"2025-01-31T18:02:28","slug":"anderson-alex-ferreira-de-27-anos-esta-desaparecido-em-porto-uniao","status":"publish","type":"post","link":"https:\/\/radiostudiow.com.br\/site\/2023\/12\/05\/anderson-alex-ferreira-de-27-anos-esta-desaparecido-em-porto-uniao\/","title":{"rendered":"ANDERSON ALEX FERREIRA DE 27 ANOS EST\u00c1 DESAPARECIDO EM PORTO UNI\u00c3O"},"content":{"rendered":"\n<p><strong>Anderson Alex Ferreira, de 27 anos de idade est\u00e1 desaparecido desde a tarde de s\u00e1bado, 02 de dezembro.<\/strong> Anderson trabalha com planta\u00e7\u00e3o de fumo e mora na regi\u00e3o de Cachoeirinha, interior de Porto Uni\u00e3o.<\/p>\n\n\n\n<figure class=\"wp-block-image size-full\"><img decoding=\"async\" src=\"https:\/\/radiostudiow.com.br\/site\/wp-content\/uploads\/2023\/10\/SITE-GRANDE2.png\" alt=\"\" class=\"wp-image-16368\"\/><\/figure>\n\n\n\n<p>De acordo com sua esposa, Anderson trabalhou normalmente at\u00e9 o meio dia de s\u00e1bado. Por volta das 15h40 da tarde disse para a esposa que iria dar uma sa\u00edda r\u00e1pida at\u00e9 um pesque e pague, por\u00e9m, n\u00e3o chegou at\u00e9 o local e n\u00e3o deu mais not\u00edcias.<\/p>\n\n\n\n<p><strong>Anderson est\u00e1 desaparecido com seu carro, um GM\/Corsa, de cor vermelho, com placas AFY2997. Sua fam\u00edlia pede ajuda para encontr\u00e1-lo e qualquer informa\u00e7\u00e3o pode ser repassado para a pol\u00edcia no 190.<\/strong><\/p>\n","protected":false},"excerpt":{"rendered":"<p>Anderson Alex Ferreira, de 27 anos de idade est\u00e1 desaparecido desde a tarde de s\u00e1bado, 02 de dezembro. Anderson trabalha com planta\u00e7\u00e3o de fumo e mora na regi\u00e3o de Cachoeirinha, interior de Porto Uni\u00e3o. De acordo com sua esposa, Anderson trabalhou normalmente at\u00e9 o meio dia de s\u00e1bado. Por volta das 15h40 da tarde disse [&hellip;]<\/p>\n","protected":false},"author":2,"featured_media":17584,"comment_status":"open","ping_status":"open","sticky":false,"template":"","format":"standard","meta":{"footnotes":""},"categories":[185],"tags":[172],"class_list":["post-17583","post","type-post","status-publish","format-standard","has-post-thumbnail","hentry","category-regional","tag-featured"],"amp_enabled":true,"_links":{"self":[{"href":"https:\/\/radiostudiow.com.br\/site\/wp-json\/wp\/v2\/posts\/17583","targetHints":{"allow":["GET"]}}],"collection":[{"href":"https:\/\/radiostudiow.com.br\/site\/wp-json\/wp\/v2\/posts"}],"about":[{"href":"https:\/\/radiostudiow.com.br\/site\/wp-json\/wp\/v2\/types\/post"}],"author":[{"embeddable":true,"href":"https:\/\/radiostudiow.com.br\/site\/wp-json\/wp\/v2\/users\/2"}],"replies":[{"embeddable":true,"href":"https:\/\/radiostudiow.com.br\/site\/wp-json\/wp\/v2\/comments?post=17583"}],"version-history":[{"count":1,"href":"https:\/\/radiostudiow.com.br\/site\/wp-json\/wp\/v2\/posts\/17583\/revisions"}],"predecessor-version":[{"id":17585,"href":"https:\/\/radiostudiow.com.br\/site\/wp-json\/wp\/v2\/posts\/17583\/revisions\/17585"}],"wp:featuredmedia":[{"embeddable":true,"href":"https:\/\/radiostudiow.com.br\/site\/wp-json\/wp\/v2\/media\/17584"}],"wp:attachment":[{"href":"https:\/\/radiostudiow.com.br\/site\/wp-json\/wp\/v2\/media?parent=17583"}],"wp:term":[{"taxonomy":"category","embeddable":true,"href":"https:\/\/radiostudiow.com.br\/site\/wp-json\/wp\/v2\/categories?post=17583"},{"taxonomy":"post_tag","embeddable":true,"href":"https:\/\/radiostudiow.com.br\/site\/wp-json\/wp\/v2\/tags?post=17583"}],"curies":[{"name":"wp","href":"https:\/\/api.w.org\/{rel}","templated":true}]}}