{"id":17623,"date":"2023-12-06T09:48:45","date_gmt":"2023-12-06T12:48:45","guid":{"rendered":"https:\/\/radiostudiow.com.br\/site\/?p=17623"},"modified":"2025-01-31T15:02:28","modified_gmt":"2025-01-31T18:02:28","slug":"acidente-com-onibus-na-br-153-em-mallet-deixa-05-pessoas-feridas","status":"publish","type":"post","link":"https:\/\/radiostudiow.com.br\/site\/2023\/12\/06\/acidente-com-onibus-na-br-153-em-mallet-deixa-05-pessoas-feridas\/","title":{"rendered":"ACIDENTE COM \u00d4NIBUS\u00a0 NA BR 153 EM MALLET DEIXA 05 PESSOAS FERIDAS"},"content":{"rendered":"\n<p>No final da tarde desta ter\u00e7a-feira (05), por volta\u00a0 das 16:45 horas, um acidente envolvendo um \u00f4nibus que realiza trabalhos em festas com vendas, acabou caindo fora da pista na BR 153 em Mallet no Km 377 pr\u00f3ximo a entrada da col\u00f4nia Dulcio, quase divisa com a cidade de Rio Azul.<\/p>\n\n\n\n<figure class=\"wp-block-image size-full\"><img decoding=\"async\" src=\"https:\/\/radiostudiow.com.br\/site\/wp-content\/uploads\/2023\/10\/SITE-GRANDE5.png\" alt=\"\" class=\"wp-image-16372\"\/><\/figure>\n\n\n\n<p>De acordo com informa\u00e7\u00f5es, esse ve\u00edculo vinha de Curitiba\u00a0 e seguia \u00e0 Porto Uni\u00e3o com estruturas para montar barracas na Festa do xixo.\u00a0<\/p>\n\n\n\n<p>Os Bombeiros\u00a0 Comunit\u00e1rios\u00a0 foram acionados e relataram\u00a0 que foram socorridas 03 v\u00edtimas com ferimentos leves,\u00a0 duas delas pela ambul\u00e2ncia do SAMU e uma pela ambul\u00e2ncia do plant\u00e3o de Mallet.<\/p>\n\n\n\n<p>Teve mais duas v\u00edtimas socorridas por populares e levadas ao hospital de Rio Azul, tamb\u00e9m com ferimentos leves.<\/p>\n\n\n\n<p>O 2\u00ba Sargento\u00a0 do Corpo de Bombeiros de\u00a0 Irati, Joaquim Pacholok,\u00a0 esteve no local prestando todo trabalho necess\u00e1rio neste acidente.<\/p>\n\n\n\n<figure class=\"wp-block-image size-full\"><img loading=\"lazy\" decoding=\"async\" width=\"598\" height=\"204\" src=\"https:\/\/radiostudiow.com.br\/site\/wp-content\/uploads\/2023\/10\/SITE-MEDIO.png\" alt=\"\" class=\"wp-image-16319\" srcset=\"https:\/\/radiostudiow.com.br\/site\/wp-content\/uploads\/2023\/10\/SITE-MEDIO.png 598w, https:\/\/radiostudiow.com.br\/site\/wp-content\/uploads\/2023\/10\/SITE-MEDIO-300x102.png 300w\" sizes=\"auto, (max-width: 598px) 100vw, 598px\" \/><\/figure>\n\n\n\n<figure class=\"wp-block-image size-large\"><img decoding=\"async\" src=\"https:\/\/radiostudiow.com.br\/site\/wp-content\/uploads\/2023\/12\/image-19-1024x768.png\" alt=\"\" class=\"wp-image-17625\"\/><\/figure>\n","protected":false},"excerpt":{"rendered":"<p>No final da tarde desta ter\u00e7a-feira (05), por volta\u00a0 das 16:45 horas, um acidente envolvendo um \u00f4nibus que realiza trabalhos em festas com vendas, acabou caindo fora da pista na BR 153 em Mallet no Km 377 pr\u00f3ximo a entrada da col\u00f4nia Dulcio, quase divisa com a cidade de Rio Azul. De acordo com informa\u00e7\u00f5es, [&hellip;]<\/p>\n","protected":false},"author":2,"featured_media":17624,"comment_status":"open","ping_status":"open","sticky":false,"template":"","format":"standard","meta":{"footnotes":""},"categories":[184],"tags":[172],"class_list":["post-17623","post","type-post","status-publish","format-standard","has-post-thumbnail","hentry","category-local","tag-featured"],"amp_enabled":true,"_links":{"self":[{"href":"https:\/\/radiostudiow.com.br\/site\/wp-json\/wp\/v2\/posts\/17623","targetHints":{"allow":["GET"]}}],"collection":[{"href":"https:\/\/radiostudiow.com.br\/site\/wp-json\/wp\/v2\/posts"}],"about":[{"href":"https:\/\/radiostudiow.com.br\/site\/wp-json\/wp\/v2\/types\/post"}],"author":[{"embeddable":true,"href":"https:\/\/radiostudiow.com.br\/site\/wp-json\/wp\/v2\/users\/2"}],"replies":[{"embeddable":true,"href":"https:\/\/radiostudiow.com.br\/site\/wp-json\/wp\/v2\/comments?post=17623"}],"version-history":[{"count":1,"href":"https:\/\/radiostudiow.com.br\/site\/wp-json\/wp\/v2\/posts\/17623\/revisions"}],"predecessor-version":[{"id":17626,"href":"https:\/\/radiostudiow.com.br\/site\/wp-json\/wp\/v2\/posts\/17623\/revisions\/17626"}],"wp:featuredmedia":[{"embeddable":true,"href":"https:\/\/radiostudiow.com.br\/site\/wp-json\/wp\/v2\/media\/17624"}],"wp:attachment":[{"href":"https:\/\/radiostudiow.com.br\/site\/wp-json\/wp\/v2\/media?parent=17623"}],"wp:term":[{"taxonomy":"category","embeddable":true,"href":"https:\/\/radiostudiow.com.br\/site\/wp-json\/wp\/v2\/categories?post=17623"},{"taxonomy":"post_tag","embeddable":true,"href":"https:\/\/radiostudiow.com.br\/site\/wp-json\/wp\/v2\/tags?post=17623"}],"curies":[{"name":"wp","href":"https:\/\/api.w.org\/{rel}","templated":true}]}}