{"id":17627,"date":"2023-12-06T11:50:28","date_gmt":"2023-12-06T14:50:28","guid":{"rendered":"https:\/\/radiostudiow.com.br\/site\/?p=17627"},"modified":"2025-01-31T15:02:28","modified_gmt":"2025-01-31T18:02:28","slug":"homem-e-preso-e-motocicleta-com-alerta-de-furto-e-recuperada-pela-pm-de-sao-mateus-do-sul","status":"publish","type":"post","link":"https:\/\/radiostudiow.com.br\/site\/2023\/12\/06\/homem-e-preso-e-motocicleta-com-alerta-de-furto-e-recuperada-pela-pm-de-sao-mateus-do-sul\/","title":{"rendered":"HOMEM \u00c9 PRESO \u00c9 MOTOCICLETA COM ALERTA DE FURTO \u00c9 RECUPERADA PELA PM DE S\u00c3O MATEUS DO SUL"},"content":{"rendered":"\n<p>A equipe da Pol\u00edcia Militar de S\u00e3o Mateus do Sul recuperou uma motocicleta que havia sido furtada. A ocorr\u00eancia foi registrada por volta das 18:15 horas dessa ter\u00e7a-feira (05).<\/p>\n\n\n\n<figure class=\"wp-block-image size-full\"><img decoding=\"async\" src=\"https:\/\/radiostudiow.com.br\/site\/wp-content\/uploads\/2023\/10\/SITE-GRANDE-1.png\" alt=\"\" class=\"wp-image-16374\"\/><\/figure>\n\n\n\n<p>Conforme informa\u00e7\u00f5es, uma equipe estava realizando patrulhamento quando se deparou com um homem pilotando uma motocicleta sem capacete. Na tentativa de abordagem, o suspeito se evadiu e ao perceber que seria pego, abandonou a moto e fugiu \u00e0 p\u00e9 para uma \u00e1rea de mata.<\/p>\n\n\n\n<p>A motocicleta abandonada se tratava de mesma que havia sido furtada na localidade de Rio das Pedras. Diante dos fatos, ela foi recuperada e entregue na delegacia de S\u00e3o Mateus do Sul para as provid\u00eancias cab\u00edveis.<\/p>\n","protected":false},"excerpt":{"rendered":"<p>A equipe da Pol\u00edcia Militar de S\u00e3o Mateus do Sul recuperou uma motocicleta que havia sido furtada. A ocorr\u00eancia foi registrada por volta das 18:15 horas dessa ter\u00e7a-feira (05). Conforme informa\u00e7\u00f5es, uma equipe estava realizando patrulhamento quando se deparou com um homem pilotando uma motocicleta sem capacete. Na tentativa de abordagem, o suspeito se evadiu [&hellip;]<\/p>\n","protected":false},"author":2,"featured_media":14798,"comment_status":"open","ping_status":"open","sticky":false,"template":"","format":"standard","meta":{"footnotes":""},"categories":[2],"tags":[172],"class_list":["post-17627","post","type-post","status-publish","format-standard","has-post-thumbnail","hentry","category-policial","tag-featured"],"amp_enabled":true,"_links":{"self":[{"href":"https:\/\/radiostudiow.com.br\/site\/wp-json\/wp\/v2\/posts\/17627","targetHints":{"allow":["GET"]}}],"collection":[{"href":"https:\/\/radiostudiow.com.br\/site\/wp-json\/wp\/v2\/posts"}],"about":[{"href":"https:\/\/radiostudiow.com.br\/site\/wp-json\/wp\/v2\/types\/post"}],"author":[{"embeddable":true,"href":"https:\/\/radiostudiow.com.br\/site\/wp-json\/wp\/v2\/users\/2"}],"replies":[{"embeddable":true,"href":"https:\/\/radiostudiow.com.br\/site\/wp-json\/wp\/v2\/comments?post=17627"}],"version-history":[{"count":2,"href":"https:\/\/radiostudiow.com.br\/site\/wp-json\/wp\/v2\/posts\/17627\/revisions"}],"predecessor-version":[{"id":17639,"href":"https:\/\/radiostudiow.com.br\/site\/wp-json\/wp\/v2\/posts\/17627\/revisions\/17639"}],"wp:featuredmedia":[{"embeddable":true,"href":"https:\/\/radiostudiow.com.br\/site\/wp-json\/wp\/v2\/media\/14798"}],"wp:attachment":[{"href":"https:\/\/radiostudiow.com.br\/site\/wp-json\/wp\/v2\/media?parent=17627"}],"wp:term":[{"taxonomy":"category","embeddable":true,"href":"https:\/\/radiostudiow.com.br\/site\/wp-json\/wp\/v2\/categories?post=17627"},{"taxonomy":"post_tag","embeddable":true,"href":"https:\/\/radiostudiow.com.br\/site\/wp-json\/wp\/v2\/tags?post=17627"}],"curies":[{"name":"wp","href":"https:\/\/api.w.org\/{rel}","templated":true}]}}