{"id":17629,"date":"2023-12-06T11:11:12","date_gmt":"2023-12-06T14:11:12","guid":{"rendered":"https:\/\/radiostudiow.com.br\/site\/?p=17629"},"modified":"2025-01-31T15:02:28","modified_gmt":"2025-01-31T18:02:28","slug":"homem-acaba-na-uti-apos-cair-em-cachoeira-de-porto-uniao","status":"publish","type":"post","link":"https:\/\/radiostudiow.com.br\/site\/2023\/12\/06\/homem-acaba-na-uti-apos-cair-em-cachoeira-de-porto-uniao\/","title":{"rendered":"HOMEM PARA NA UTI AP\u00d3S CAIR DE \u00c1RVORE EM CACHOEIRA DE PORTO UNI\u00c3O"},"content":{"rendered":"\n<p>Robson Domingues da Silva, de 29 anos de idade,  caiu de uma \u00e1rvore, ao tentar pular nas aguas do rio, na regi\u00e3o da estrada geral do Legru, no interior de Porto Uni\u00e3o.<\/p>\n\n\n\n<figure class=\"wp-block-image size-full\"><img decoding=\"async\" src=\"https:\/\/radiostudiow.com.br\/site\/wp-content\/uploads\/2023\/10\/SITE-GRANDE2.png\" alt=\"\" class=\"wp-image-16368\"\/><\/figure>\n\n\n\n<p>Conforme informa\u00e7\u00f5es da fam\u00edlia de Robson para o Canal4, os m\u00e9dicos repassaram que a v\u00edtima foi transferida para um hospital em Mafra, passou uma procedimento cir\u00fargico e segue na UTI em estado considerado grave. Embora a situa\u00e7\u00e3o seja muito delicada, o rapaz apresentou melhora no seu quadro cl\u00ednico e os m\u00e9dicos j\u00e1 avaliam diminuir a seda\u00e7\u00e3o. Ele deve seguir essa semana na UTI.<\/p>\n\n\n\n<p>Robson sofreu uma queda de uma altura de aproximadamente 7 metros no domingo, 02 de dezembro, quando subia em uma \u00e1rvore para pular na \u00e1gua e durante a queda, acabou se chocando nos rochedos com a cabe\u00e7a, vindo a ficar submerso.<\/p>\n\n\n\n<p>Ele foi retirado da \u00e1gua por pessoas que estavam no local, e socorrido pelos Bombeiros de Porto Uni\u00e3o.<\/p>\n\n\n\n<h2 class=\"wp-block-heading\"><em><strong>VEJA O V\u00cdDEO DO MOMENTO DA QUEDA:<\/strong><\/em><\/h2>\n\n\n\n<figure class=\"wp-block-video\"><video controls src=\"https:\/\/radiostudiow.com.br\/site\/wp-content\/uploads\/2023\/12\/WhatsApp-Video-2023-12-05-at-17.16.18.mp4\"><\/video><\/figure>\n","protected":false},"excerpt":{"rendered":"<p>Robson Domingues da Silva, de 29 anos de idade, caiu de uma \u00e1rvore, ao tentar pular nas aguas do rio, na regi\u00e3o da estrada geral do Legru, no interior de Porto Uni\u00e3o. Conforme informa\u00e7\u00f5es da fam\u00edlia de Robson para o Canal4, os m\u00e9dicos repassaram que a v\u00edtima foi transferida para um hospital em Mafra, passou [&hellip;]<\/p>\n","protected":false},"author":2,"featured_media":17630,"comment_status":"open","ping_status":"open","sticky":false,"template":"","format":"standard","meta":{"footnotes":""},"categories":[185],"tags":[172],"class_list":["post-17629","post","type-post","status-publish","format-standard","has-post-thumbnail","hentry","category-regional","tag-featured"],"amp_enabled":true,"_links":{"self":[{"href":"https:\/\/radiostudiow.com.br\/site\/wp-json\/wp\/v2\/posts\/17629","targetHints":{"allow":["GET"]}}],"collection":[{"href":"https:\/\/radiostudiow.com.br\/site\/wp-json\/wp\/v2\/posts"}],"about":[{"href":"https:\/\/radiostudiow.com.br\/site\/wp-json\/wp\/v2\/types\/post"}],"author":[{"embeddable":true,"href":"https:\/\/radiostudiow.com.br\/site\/wp-json\/wp\/v2\/users\/2"}],"replies":[{"embeddable":true,"href":"https:\/\/radiostudiow.com.br\/site\/wp-json\/wp\/v2\/comments?post=17629"}],"version-history":[{"count":2,"href":"https:\/\/radiostudiow.com.br\/site\/wp-json\/wp\/v2\/posts\/17629\/revisions"}],"predecessor-version":[{"id":17638,"href":"https:\/\/radiostudiow.com.br\/site\/wp-json\/wp\/v2\/posts\/17629\/revisions\/17638"}],"wp:featuredmedia":[{"embeddable":true,"href":"https:\/\/radiostudiow.com.br\/site\/wp-json\/wp\/v2\/media\/17630"}],"wp:attachment":[{"href":"https:\/\/radiostudiow.com.br\/site\/wp-json\/wp\/v2\/media?parent=17629"}],"wp:term":[{"taxonomy":"category","embeddable":true,"href":"https:\/\/radiostudiow.com.br\/site\/wp-json\/wp\/v2\/categories?post=17629"},{"taxonomy":"post_tag","embeddable":true,"href":"https:\/\/radiostudiow.com.br\/site\/wp-json\/wp\/v2\/tags?post=17629"}],"curies":[{"name":"wp","href":"https:\/\/api.w.org\/{rel}","templated":true}]}}