{"id":17634,"date":"2023-12-06T11:13:21","date_gmt":"2023-12-06T14:13:21","guid":{"rendered":"https:\/\/radiostudiow.com.br\/site\/?p=17634"},"modified":"2025-01-31T15:02:28","modified_gmt":"2025-01-31T18:02:28","slug":"prefeitura-de-general-carneiro-lanca-edital-para-concurso-publico","status":"publish","type":"post","link":"https:\/\/radiostudiow.com.br\/site\/2023\/12\/06\/prefeitura-de-general-carneiro-lanca-edital-para-concurso-publico\/","title":{"rendered":"PREFEITURA DE GENERAL CARNEIRO LAN\u00c7A EDITAL PARA CONCURSO P\u00daBLICO"},"content":{"rendered":"\n<p>A Prefeitura de General Carneiro anunciou nesta ter\u00e7a-feira (05), o lan\u00e7amento do edital do Concurso P\u00fablico n\u00ba 03\/2023. O concurso contempla 59 vagas, entre elas PCD e AFRO, com remunera\u00e7\u00f5es entre R$ 2.210,27 \u00e0 3.643,28.<\/p>\n\n\n\n<figure class=\"wp-block-image size-full\"><img decoding=\"async\" src=\"https:\/\/radiostudiow.com.br\/site\/wp-content\/uploads\/2023\/10\/SITE-GRANDE4.png\" alt=\"\" class=\"wp-image-16367\"\/><\/figure>\n\n\n\n<p>S\u00e3o diversas vagas dispon\u00edveis: mec\u00e2nico; procurador municipal de tributos; professor de arte; professor de educa\u00e7\u00e3o infantil e ensino fundamental anos iniciais e professor de educa\u00e7\u00e3o f\u00edsica.<\/p>\n\n\n\n<p>As inscri\u00e7\u00f5es j\u00e1 est\u00e3o abertas e seguem at\u00e9 o dia 27 de dezembro. Os interessados devem se inscrever somente via internet, atrav\u00e9s do endere\u00e7o eletr\u00f4nico\u00a0<a href=\"https:\/\/www.ippec.org.br\/\" target=\"_blank\" rel=\"noreferrer noopener\">www.ippec.org.br<\/a>. A prova escrita e t\u00edtulos est\u00e3o previstas para ocorrer no dia 28 de janeiro de 2024.<\/p>\n\n\n\n<p><strong><em>\u201cEst\u00e1 lan\u00e7ado o concurso para nosso munic\u00edpio. Mesmo diante das dificuldades encontradas nestes \u00faltimos meses, estamos fechando o ano com a abertura deste edital que \u00e9 muito importante para o munic\u00edpio. Esperamos que muitas pessoas possam participar e que muito em breve estejam juntos trabalhando por General Carneiro\u201d, enfatizou o prefeito Joel Martins Ferreira.<\/em><\/strong><\/p>\n\n\n\n<p>Voc\u00ea pode acessar o edital e ter acesso \u00e0 todas as informa\u00e7\u00f5es atrav\u00e9s do site da prefeitura no endere\u00e7o\u00a0<a href=\"https:\/\/www.generalcarneiro.pr.gov.br\/\" target=\"_blank\" rel=\"noreferrer noopener\">www.generalcarneiro.pr.gov.br<\/a>\u00a0ou\u00a0<a href=\"https:\/\/www.ippec.org.br\/\" target=\"_blank\" rel=\"noreferrer noopener\">www.ippec.org.br.<\/a><\/p>\n","protected":false},"excerpt":{"rendered":"<p>A Prefeitura de General Carneiro anunciou nesta ter\u00e7a-feira (05), o lan\u00e7amento do edital do Concurso P\u00fablico n\u00ba 03\/2023. O concurso contempla 59 vagas, entre elas PCD e AFRO, com remunera\u00e7\u00f5es entre R$ 2.210,27 \u00e0 3.643,28. S\u00e3o diversas vagas dispon\u00edveis: mec\u00e2nico; procurador municipal de tributos; professor de arte; professor de educa\u00e7\u00e3o infantil e ensino fundamental anos [&hellip;]<\/p>\n","protected":false},"author":2,"featured_media":0,"comment_status":"open","ping_status":"open","sticky":false,"template":"","format":"standard","meta":{"footnotes":""},"categories":[185],"tags":[172],"class_list":["post-17634","post","type-post","status-publish","format-standard","hentry","category-regional","tag-featured"],"amp_enabled":true,"_links":{"self":[{"href":"https:\/\/radiostudiow.com.br\/site\/wp-json\/wp\/v2\/posts\/17634","targetHints":{"allow":["GET"]}}],"collection":[{"href":"https:\/\/radiostudiow.com.br\/site\/wp-json\/wp\/v2\/posts"}],"about":[{"href":"https:\/\/radiostudiow.com.br\/site\/wp-json\/wp\/v2\/types\/post"}],"author":[{"embeddable":true,"href":"https:\/\/radiostudiow.com.br\/site\/wp-json\/wp\/v2\/users\/2"}],"replies":[{"embeddable":true,"href":"https:\/\/radiostudiow.com.br\/site\/wp-json\/wp\/v2\/comments?post=17634"}],"version-history":[{"count":1,"href":"https:\/\/radiostudiow.com.br\/site\/wp-json\/wp\/v2\/posts\/17634\/revisions"}],"predecessor-version":[{"id":17636,"href":"https:\/\/radiostudiow.com.br\/site\/wp-json\/wp\/v2\/posts\/17634\/revisions\/17636"}],"wp:attachment":[{"href":"https:\/\/radiostudiow.com.br\/site\/wp-json\/wp\/v2\/media?parent=17634"}],"wp:term":[{"taxonomy":"category","embeddable":true,"href":"https:\/\/radiostudiow.com.br\/site\/wp-json\/wp\/v2\/categories?post=17634"},{"taxonomy":"post_tag","embeddable":true,"href":"https:\/\/radiostudiow.com.br\/site\/wp-json\/wp\/v2\/tags?post=17634"}],"curies":[{"name":"wp","href":"https:\/\/api.w.org\/{rel}","templated":true}]}}