{"id":17656,"date":"2023-12-07T10:25:40","date_gmt":"2023-12-07T13:25:40","guid":{"rendered":"https:\/\/radiostudiow.com.br\/site\/?p=17656"},"modified":"2025-01-31T15:02:28","modified_gmt":"2025-01-31T18:02:28","slug":"em-acao-conjunta-mais-de-1-400kg-de-maconha-sao-apreendidos-na-lapa","status":"publish","type":"post","link":"https:\/\/radiostudiow.com.br\/site\/2023\/12\/07\/em-acao-conjunta-mais-de-1-400kg-de-maconha-sao-apreendidos-na-lapa\/","title":{"rendered":"MAIS DE 1.400KG DE MACONHA S\u00c3O APREENDIDOS NA LAPA AP\u00d3S A\u00c7\u00c3O CONJUNTA"},"content":{"rendered":"\n<p>Ap\u00f3s informa\u00e7\u00f5es que na BR 476 um caminh\u00e3o estaria transportando grande quantidade de entorpecentes. Equipes lograram \u00eaxito em sua localiza\u00e7\u00e3o.<\/p>\n\n\n\n<p>A a\u00e7\u00e3o resultou no condutor preso e 60(sessenta fardos) que juntos somaram 1.454,90 quilos de maconha. Encaminhado com o entorpecentes para a Delegacia da Lapa.<\/p>\n\n\n\n<figure class=\"wp-block-image size-full\"><img loading=\"lazy\" decoding=\"async\" width=\"720\" height=\"720\" src=\"https:\/\/radiostudiow.com.br\/site\/wp-content\/uploads\/2023\/12\/408034743_736197081878626_3191802032120391709_n.jpg\" alt=\"\" class=\"wp-image-17658\" srcset=\"https:\/\/radiostudiow.com.br\/site\/wp-content\/uploads\/2023\/12\/408034743_736197081878626_3191802032120391709_n.jpg 720w, https:\/\/radiostudiow.com.br\/site\/wp-content\/uploads\/2023\/12\/408034743_736197081878626_3191802032120391709_n-300x300.jpg 300w, https:\/\/radiostudiow.com.br\/site\/wp-content\/uploads\/2023\/12\/408034743_736197081878626_3191802032120391709_n-80x80.jpg 80w\" sizes=\"auto, (max-width: 720px) 100vw, 720px\" \/><\/figure>\n","protected":false},"excerpt":{"rendered":"<p>Ap\u00f3s informa\u00e7\u00f5es que na BR 476 um caminh\u00e3o estaria transportando grande quantidade de entorpecentes. Equipes lograram \u00eaxito em sua localiza\u00e7\u00e3o. A a\u00e7\u00e3o resultou no condutor preso e 60(sessenta fardos) que juntos somaram 1.454,90 quilos de maconha. Encaminhado com o entorpecentes para a Delegacia da Lapa.<\/p>\n","protected":false},"author":2,"featured_media":17657,"comment_status":"open","ping_status":"open","sticky":false,"template":"","format":"standard","meta":{"footnotes":""},"categories":[2],"tags":[172],"class_list":["post-17656","post","type-post","status-publish","format-standard","has-post-thumbnail","hentry","category-policial","tag-featured"],"amp_enabled":true,"_links":{"self":[{"href":"https:\/\/radiostudiow.com.br\/site\/wp-json\/wp\/v2\/posts\/17656","targetHints":{"allow":["GET"]}}],"collection":[{"href":"https:\/\/radiostudiow.com.br\/site\/wp-json\/wp\/v2\/posts"}],"about":[{"href":"https:\/\/radiostudiow.com.br\/site\/wp-json\/wp\/v2\/types\/post"}],"author":[{"embeddable":true,"href":"https:\/\/radiostudiow.com.br\/site\/wp-json\/wp\/v2\/users\/2"}],"replies":[{"embeddable":true,"href":"https:\/\/radiostudiow.com.br\/site\/wp-json\/wp\/v2\/comments?post=17656"}],"version-history":[{"count":2,"href":"https:\/\/radiostudiow.com.br\/site\/wp-json\/wp\/v2\/posts\/17656\/revisions"}],"predecessor-version":[{"id":17661,"href":"https:\/\/radiostudiow.com.br\/site\/wp-json\/wp\/v2\/posts\/17656\/revisions\/17661"}],"wp:featuredmedia":[{"embeddable":true,"href":"https:\/\/radiostudiow.com.br\/site\/wp-json\/wp\/v2\/media\/17657"}],"wp:attachment":[{"href":"https:\/\/radiostudiow.com.br\/site\/wp-json\/wp\/v2\/media?parent=17656"}],"wp:term":[{"taxonomy":"category","embeddable":true,"href":"https:\/\/radiostudiow.com.br\/site\/wp-json\/wp\/v2\/categories?post=17656"},{"taxonomy":"post_tag","embeddable":true,"href":"https:\/\/radiostudiow.com.br\/site\/wp-json\/wp\/v2\/tags?post=17656"}],"curies":[{"name":"wp","href":"https:\/\/api.w.org\/{rel}","templated":true}]}}