{"id":17668,"date":"2023-12-07T20:24:04","date_gmt":"2023-12-07T23:24:04","guid":{"rendered":"https:\/\/radiostudiow.com.br\/site\/?p=17668"},"modified":"2025-01-31T15:02:27","modified_gmt":"2025-01-31T18:02:27","slug":"motocicleta-yamaha-e-furtada-em-paulo-frontin","status":"publish","type":"post","link":"https:\/\/radiostudiow.com.br\/site\/2023\/12\/07\/motocicleta-yamaha-e-furtada-em-paulo-frontin\/","title":{"rendered":"MOTOCICLETA YAMAHA \u00c9 FURTADA EM PAULO FRONTIN"},"content":{"rendered":"\n<p>V\u00edtima de furto compareceu ao Pelot\u00e3o da Pol\u00edcia Militar de Paulo Frontin nessa quarta-feira, 06 de dezembro, relatando que sua motocicleta YBR 125 de cor preta foi furtada na rua Duque de Caixas.<\/p>\n\n\n\n<figure class=\"wp-block-image size-full\"><img loading=\"lazy\" decoding=\"async\" width=\"897\" height=\"204\" src=\"https:\/\/radiostudiow.com.br\/site\/wp-content\/uploads\/2023\/10\/SITE-GRANDE3.png\" alt=\"\" class=\"wp-image-16341\" srcset=\"https:\/\/radiostudiow.com.br\/site\/wp-content\/uploads\/2023\/10\/SITE-GRANDE3.png 897w, https:\/\/radiostudiow.com.br\/site\/wp-content\/uploads\/2023\/10\/SITE-GRANDE3-300x68.png 300w, https:\/\/radiostudiow.com.br\/site\/wp-content\/uploads\/2023\/10\/SITE-GRANDE3-768x175.png 768w\" sizes=\"auto, (max-width: 897px) 100vw, 897px\" \/><\/figure>\n\n\n\n<p>De acordo com a v\u00edtima, ela estava na casa da sua tia, deixou a moto estacionada na rua em frente e com a chave do ve\u00edculo na estava na igni\u00e7\u00e3o. Momento que escutou a moto sendo levada pelo autor.<\/p>\n\n\n\n<p>Diante da situa\u00e7\u00e3o a equipe policial confeccionou o Boletim de Ocorr\u00eancia e orientou a v\u00edtima quanto aos procedimentos cab\u00edveis.<\/p>\n","protected":false},"excerpt":{"rendered":"<p>V\u00edtima de furto compareceu ao Pelot\u00e3o da Pol\u00edcia Militar de Paulo Frontin nessa quarta-feira, 06 de dezembro, relatando que sua motocicleta YBR 125 de cor preta foi furtada na rua Duque de Caixas. De acordo com a v\u00edtima, ela estava na casa da sua tia, deixou a moto estacionada na rua em frente e com [&hellip;]<\/p>\n","protected":false},"author":2,"featured_media":0,"comment_status":"open","ping_status":"open","sticky":false,"template":"","format":"standard","meta":{"footnotes":""},"categories":[2],"tags":[172],"class_list":["post-17668","post","type-post","status-publish","format-standard","hentry","category-policial","tag-featured"],"amp_enabled":true,"_links":{"self":[{"href":"https:\/\/radiostudiow.com.br\/site\/wp-json\/wp\/v2\/posts\/17668","targetHints":{"allow":["GET"]}}],"collection":[{"href":"https:\/\/radiostudiow.com.br\/site\/wp-json\/wp\/v2\/posts"}],"about":[{"href":"https:\/\/radiostudiow.com.br\/site\/wp-json\/wp\/v2\/types\/post"}],"author":[{"embeddable":true,"href":"https:\/\/radiostudiow.com.br\/site\/wp-json\/wp\/v2\/users\/2"}],"replies":[{"embeddable":true,"href":"https:\/\/radiostudiow.com.br\/site\/wp-json\/wp\/v2\/comments?post=17668"}],"version-history":[{"count":1,"href":"https:\/\/radiostudiow.com.br\/site\/wp-json\/wp\/v2\/posts\/17668\/revisions"}],"predecessor-version":[{"id":17669,"href":"https:\/\/radiostudiow.com.br\/site\/wp-json\/wp\/v2\/posts\/17668\/revisions\/17669"}],"wp:attachment":[{"href":"https:\/\/radiostudiow.com.br\/site\/wp-json\/wp\/v2\/media?parent=17668"}],"wp:term":[{"taxonomy":"category","embeddable":true,"href":"https:\/\/radiostudiow.com.br\/site\/wp-json\/wp\/v2\/categories?post=17668"},{"taxonomy":"post_tag","embeddable":true,"href":"https:\/\/radiostudiow.com.br\/site\/wp-json\/wp\/v2\/tags?post=17668"}],"curies":[{"name":"wp","href":"https:\/\/api.w.org\/{rel}","templated":true}]}}