{"id":17673,"date":"2023-12-07T21:17:11","date_gmt":"2023-12-08T00:17:11","guid":{"rendered":"https:\/\/radiostudiow.com.br\/site\/?p=17673"},"modified":"2025-01-31T15:02:27","modified_gmt":"2025-01-31T18:02:27","slug":"parana-passa-a-emitir-a-nova-carteira-de-identidade-nacional","status":"publish","type":"post","link":"https:\/\/radiostudiow.com.br\/site\/2023\/12\/07\/parana-passa-a-emitir-a-nova-carteira-de-identidade-nacional\/","title":{"rendered":"PARAN\u00c1 PASSA A EMITIR A NOVA CARTEIRA DE IDENTIDADE NACIONAL"},"content":{"rendered":"\n<p><em>O novo modelo segue um padr\u00e3o \u00fanico, com numeral de Cadastro de Pessoa F\u00edsica (CPF), que acaba com a possibilidade de multiplicidade na identifica\u00e7\u00e3o. A mudan\u00e7a visa substituir os registros gerais, que anteriormente podiam ser emitidos por uma pessoa em cada um dos estados do Brasil, cada um com numera\u00e7\u00e3o diferente.<\/em><\/p>\n\n\n\n<figure class=\"wp-block-image size-full\"><img loading=\"lazy\" decoding=\"async\" width=\"598\" height=\"204\" src=\"https:\/\/radiostudiow.com.br\/site\/wp-content\/uploads\/2023\/12\/SITE-MEDIO4.png\" alt=\"\" class=\"wp-image-17598\" srcset=\"https:\/\/radiostudiow.com.br\/site\/wp-content\/uploads\/2023\/12\/SITE-MEDIO4.png 598w, https:\/\/radiostudiow.com.br\/site\/wp-content\/uploads\/2023\/12\/SITE-MEDIO4-300x102.png 300w\" sizes=\"auto, (max-width: 598px) 100vw, 598px\" \/><\/figure>\n\n\n\n<p>O Paran\u00e1\u00a0deu in\u00edcio nesta semana \u00e0 confec\u00e7\u00e3o da\u00a0<a href=\"https:\/\/www.gov.br\/governodigital\/pt-br\/identificacao-do-cidadao\" target=\"_blank\" rel=\"noreferrer noopener\"><strong>Carteira de Identidade Nacional (CIN)<\/strong><\/a>\u00a0durante o\u00a0PCPR na Comunidade na Ilha do Mel, no Litoral. Ao todo 266 documentos foram confeccionados na ocasi\u00e3o.<\/p>\n\n\n\n<p>O novo modelo segue um padr\u00e3o \u00fanico, com numeral de Cadastro de Pessoa F\u00edsica (CPF), que acaba com a possibilidade de multiplicidade na identifica\u00e7\u00e3o. A mudan\u00e7a visa substituir os registros gerais, que anteriormente podiam ser emitidos por uma pessoa em cada um dos estados do Brasil, cada um com numera\u00e7\u00e3o diferente. A iniciativa traz mais seguran\u00e7a \u00e0 popula\u00e7\u00e3o, j\u00e1 que reduz a possibilidade de fraudes.<\/p>\n\n\n\n<p>A CIN possui validade de 10 anos. O modelo antigo vai sair de circula\u00e7\u00e3o at\u00e9 2032, sem necessidade de quem j\u00e1 possui o documento emitir um novo.<\/p>\n\n\n\n<p>A novidade \u00e9 uma parceria da PCPR com a Companhia de Tecnologia da Informa\u00e7\u00e3o e Comunica\u00e7\u00e3o do Paran\u00e1 (Celepar), que auxiliou na implanta\u00e7\u00e3o do novo servi\u00e7o para a produ\u00e7\u00e3o do documento. A CIN possui vers\u00f5es impressa e digital, que pode ser acessada pelo aplicativo gov.br.<\/p>\n\n\n\n<figure class=\"wp-block-image size-full\"><img loading=\"lazy\" decoding=\"async\" width=\"598\" height=\"204\" src=\"https:\/\/radiostudiow.com.br\/site\/wp-content\/uploads\/2023\/10\/SITE-MEDIO.png\" alt=\"\" class=\"wp-image-16319\" srcset=\"https:\/\/radiostudiow.com.br\/site\/wp-content\/uploads\/2023\/10\/SITE-MEDIO.png 598w, https:\/\/radiostudiow.com.br\/site\/wp-content\/uploads\/2023\/10\/SITE-MEDIO-300x102.png 300w\" sizes=\"auto, (max-width: 598px) 100vw, 598px\" \/><\/figure>\n\n\n\n<p><em>\u201cA iniciativa \u00e9 uma forma tecnol\u00f3gica de contribuir para a identifica\u00e7\u00e3o civil e para a preven\u00e7\u00e3o e investiga\u00e7\u00e3o de crimes, j\u00e1 que o modelo cont\u00e9m um \u00fanico n\u00famero, trazendo praticidade e seguran\u00e7a ao cidad\u00e3o\u201d, afirma o delegado-geral da PCPR, Silvio Jacob Rockembach.<\/em><\/p>\n\n\n\n<p>De acordo com o chefe do Instituto de Identifica\u00e7\u00e3o do Paran\u00e1, Marcus Michelotto, o Paran\u00e1 foi um dos primeiros estados a dar in\u00edcio \u00e0 emiss\u00e3o do novo modelo.<em>\u00a0\u201c\u00c9 um trabalho ininterrupto dos nossos policiais com a equipe de tecnologia do Estado. Com essa adapta\u00e7\u00e3o estamos cumprindo a lei que determina que os estados se adequem ao novo sistema at\u00e9 janeiro de 2024. Ent\u00e3o, fizemos isso de forma antecipada, terminando o ano com o lan\u00e7amento da novidade\u201d, completa.<\/em><\/p>\n\n\n\n<p>Para o coordenador do PCPR na Comunidade, Jo\u00e3o M\u00e1rio Goes, este \u00e9 o primeiro evento de outros que ter\u00e3o a confec\u00e7\u00e3o do novo documento. <em>\u201cA edi\u00e7\u00e3o do PCPR na Ilha do Mel marca o in\u00edcio de uma nova era na identifica\u00e7\u00e3o civil. A partir de agora todos as carteiras de identidade ser\u00e3o feitas no novo padr\u00e3o, tanto em nossos eventos como em todos os postos de identifica\u00e7\u00e3o\u201d, afirma.<\/em><\/p>\n\n\n\n<figure class=\"wp-block-image size-full\"><img decoding=\"async\" src=\"https:\/\/radiostudiow.com.br\/site\/wp-content\/uploads\/2023\/12\/SITE-PEQUENO3.png\" alt=\"\" class=\"wp-image-17616\"\/><\/figure>\n\n\n\n<p><strong>DOCUMENTO&nbsp;<\/strong>\u2013 O cidad\u00e3o que n\u00e3o possuir RG no Paran\u00e1 dever\u00e1 realizar o agendamento para atendimento presencial pelo&nbsp;<a href=\"https:\/\/www.policiacivil.pr.gov.br\/\" rel=\"noreferrer noopener\" target=\"_blank\"><strong>site da PCPR<\/strong><\/a>.&nbsp;J\u00e1 o cidad\u00e3o que possui o documento poder\u00e1 realizar a solicita\u00e7\u00e3o atrav\u00e9s do menu CIN F\u00e1cil, tamb\u00e9m no site da institui\u00e7\u00e3o.<\/p>\n\n\n\n<h2 class=\"wp-block-heading\">Confira como vai ficar:<\/h2>\n\n\n\n<figure class=\"wp-block-image size-full\"><img loading=\"lazy\" decoding=\"async\" width=\"886\" height=\"591\" src=\"https:\/\/radiostudiow.com.br\/site\/wp-content\/uploads\/2023\/12\/image-26.png\" alt=\"\" class=\"wp-image-17674\" srcset=\"https:\/\/radiostudiow.com.br\/site\/wp-content\/uploads\/2023\/12\/image-26.png 886w, https:\/\/radiostudiow.com.br\/site\/wp-content\/uploads\/2023\/12\/image-26-300x200.png 300w, https:\/\/radiostudiow.com.br\/site\/wp-content\/uploads\/2023\/12\/image-26-768x512.png 768w\" sizes=\"auto, (max-width: 886px) 100vw, 886px\" \/><\/figure>\n\n\n\n<figure class=\"wp-block-image size-full\"><img loading=\"lazy\" decoding=\"async\" width=\"777\" height=\"518\" src=\"https:\/\/radiostudiow.com.br\/site\/wp-content\/uploads\/2023\/12\/image-27.png\" alt=\"\" class=\"wp-image-17675\" srcset=\"https:\/\/radiostudiow.com.br\/site\/wp-content\/uploads\/2023\/12\/image-27.png 777w, https:\/\/radiostudiow.com.br\/site\/wp-content\/uploads\/2023\/12\/image-27-300x200.png 300w, https:\/\/radiostudiow.com.br\/site\/wp-content\/uploads\/2023\/12\/image-27-768x512.png 768w\" sizes=\"auto, (max-width: 777px) 100vw, 777px\" \/><\/figure>\n","protected":false},"excerpt":{"rendered":"<p>O novo modelo segue um padr\u00e3o \u00fanico, com numeral de Cadastro de Pessoa F\u00edsica (CPF), que acaba com a possibilidade de multiplicidade na identifica\u00e7\u00e3o. A mudan\u00e7a visa substituir os registros gerais, que anteriormente podiam ser emitidos por uma pessoa em cada um dos estados do Brasil, cada um com numera\u00e7\u00e3o diferente. O Paran\u00e1\u00a0deu in\u00edcio nesta [&hellip;]<\/p>\n","protected":false},"author":2,"featured_media":17676,"comment_status":"open","ping_status":"open","sticky":false,"template":"","format":"standard","meta":{"footnotes":""},"categories":[2],"tags":[172],"class_list":["post-17673","post","type-post","status-publish","format-standard","has-post-thumbnail","hentry","category-policial","tag-featured"],"amp_enabled":true,"_links":{"self":[{"href":"https:\/\/radiostudiow.com.br\/site\/wp-json\/wp\/v2\/posts\/17673","targetHints":{"allow":["GET"]}}],"collection":[{"href":"https:\/\/radiostudiow.com.br\/site\/wp-json\/wp\/v2\/posts"}],"about":[{"href":"https:\/\/radiostudiow.com.br\/site\/wp-json\/wp\/v2\/types\/post"}],"author":[{"embeddable":true,"href":"https:\/\/radiostudiow.com.br\/site\/wp-json\/wp\/v2\/users\/2"}],"replies":[{"embeddable":true,"href":"https:\/\/radiostudiow.com.br\/site\/wp-json\/wp\/v2\/comments?post=17673"}],"version-history":[{"count":1,"href":"https:\/\/radiostudiow.com.br\/site\/wp-json\/wp\/v2\/posts\/17673\/revisions"}],"predecessor-version":[{"id":17677,"href":"https:\/\/radiostudiow.com.br\/site\/wp-json\/wp\/v2\/posts\/17673\/revisions\/17677"}],"wp:featuredmedia":[{"embeddable":true,"href":"https:\/\/radiostudiow.com.br\/site\/wp-json\/wp\/v2\/media\/17676"}],"wp:attachment":[{"href":"https:\/\/radiostudiow.com.br\/site\/wp-json\/wp\/v2\/media?parent=17673"}],"wp:term":[{"taxonomy":"category","embeddable":true,"href":"https:\/\/radiostudiow.com.br\/site\/wp-json\/wp\/v2\/categories?post=17673"},{"taxonomy":"post_tag","embeddable":true,"href":"https:\/\/radiostudiow.com.br\/site\/wp-json\/wp\/v2\/tags?post=17673"}],"curies":[{"name":"wp","href":"https:\/\/api.w.org\/{rel}","templated":true}]}}