{"id":17686,"date":"2023-12-08T09:37:02","date_gmt":"2023-12-08T12:37:02","guid":{"rendered":"https:\/\/radiostudiow.com.br\/site\/?p=17686"},"modified":"2025-01-31T15:02:27","modified_gmt":"2025-01-31T18:02:27","slug":"detento-foge-da-cadeia-em-uniao-da-vitoria","status":"publish","type":"post","link":"https:\/\/radiostudiow.com.br\/site\/2023\/12\/08\/detento-foge-da-cadeia-em-uniao-da-vitoria\/","title":{"rendered":"DETENTO FOGE DA CADEIA EM UNI\u00c3O DA VIT\u00d3RIA"},"content":{"rendered":"\n<p>Um detento que n\u00e3o teve o nome divulgado at\u00e9 o momento, fugiu da cadeia de Uni\u00e3o da Vit\u00f3ria por volta das 22:40 horas dessa quinta-feira, dia 07 de dezembro, quando os agentes penitenci\u00e1rios solicitaram apoio da Pol\u00edcia Militar.<\/p>\n\n\n\n<figure class=\"wp-block-image size-full\"><img loading=\"lazy\" decoding=\"async\" width=\"897\" height=\"204\" src=\"https:\/\/radiostudiow.com.br\/site\/wp-content\/uploads\/2023\/10\/SITE-GRANDE.png\" alt=\"\" class=\"wp-image-16338\" srcset=\"https:\/\/radiostudiow.com.br\/site\/wp-content\/uploads\/2023\/10\/SITE-GRANDE.png 897w, https:\/\/radiostudiow.com.br\/site\/wp-content\/uploads\/2023\/10\/SITE-GRANDE-300x68.png 300w, https:\/\/radiostudiow.com.br\/site\/wp-content\/uploads\/2023\/10\/SITE-GRANDE-768x175.png 768w\" sizes=\"auto, (max-width: 897px) 100vw, 897px\" \/><\/figure>\n\n\n\n<p>Conforme informa\u00e7\u00f5es, dois detentos participaram da fuga, sendo que um deles foi impedido de fugir e recapturado. O outro conseguiu sair do sistema prisional e n\u00e3o foi localizado at\u00e9 o momento.<\/p>\n\n\n\n<p><strong>A equipe da Pol\u00edcia Militar apurou por meio do detento recapturado que o colega em fuga teria dito que iria para uma casa na cidade de Cruz Machado. <\/strong>A Pol\u00edcia n\u00e3o divulgou detalhes sobre como ocorreu a fuga.<\/p>\n","protected":false},"excerpt":{"rendered":"<p>Um detento que n\u00e3o teve o nome divulgado at\u00e9 o momento, fugiu da cadeia de Uni\u00e3o da Vit\u00f3ria por volta das 22:40 horas dessa quinta-feira, dia 07 de dezembro, quando os agentes penitenci\u00e1rios solicitaram apoio da Pol\u00edcia Militar. Conforme informa\u00e7\u00f5es, dois detentos participaram da fuga, sendo que um deles foi impedido de fugir e recapturado. [&hellip;]<\/p>\n","protected":false},"author":2,"featured_media":13251,"comment_status":"open","ping_status":"open","sticky":false,"template":"","format":"standard","meta":{"footnotes":""},"categories":[2],"tags":[172],"class_list":["post-17686","post","type-post","status-publish","format-standard","has-post-thumbnail","hentry","category-policial","tag-featured"],"amp_enabled":true,"_links":{"self":[{"href":"https:\/\/radiostudiow.com.br\/site\/wp-json\/wp\/v2\/posts\/17686","targetHints":{"allow":["GET"]}}],"collection":[{"href":"https:\/\/radiostudiow.com.br\/site\/wp-json\/wp\/v2\/posts"}],"about":[{"href":"https:\/\/radiostudiow.com.br\/site\/wp-json\/wp\/v2\/types\/post"}],"author":[{"embeddable":true,"href":"https:\/\/radiostudiow.com.br\/site\/wp-json\/wp\/v2\/users\/2"}],"replies":[{"embeddable":true,"href":"https:\/\/radiostudiow.com.br\/site\/wp-json\/wp\/v2\/comments?post=17686"}],"version-history":[{"count":1,"href":"https:\/\/radiostudiow.com.br\/site\/wp-json\/wp\/v2\/posts\/17686\/revisions"}],"predecessor-version":[{"id":17687,"href":"https:\/\/radiostudiow.com.br\/site\/wp-json\/wp\/v2\/posts\/17686\/revisions\/17687"}],"wp:featuredmedia":[{"embeddable":true,"href":"https:\/\/radiostudiow.com.br\/site\/wp-json\/wp\/v2\/media\/13251"}],"wp:attachment":[{"href":"https:\/\/radiostudiow.com.br\/site\/wp-json\/wp\/v2\/media?parent=17686"}],"wp:term":[{"taxonomy":"category","embeddable":true,"href":"https:\/\/radiostudiow.com.br\/site\/wp-json\/wp\/v2\/categories?post=17686"},{"taxonomy":"post_tag","embeddable":true,"href":"https:\/\/radiostudiow.com.br\/site\/wp-json\/wp\/v2\/tags?post=17686"}],"curies":[{"name":"wp","href":"https:\/\/api.w.org\/{rel}","templated":true}]}}