{"id":17700,"date":"2023-12-08T17:21:54","date_gmt":"2023-12-08T20:21:54","guid":{"rendered":"https:\/\/radiostudiow.com.br\/site\/?p=17700"},"modified":"2025-01-31T15:02:27","modified_gmt":"2025-01-31T18:02:27","slug":"prefeitura-de-mallet-abre-edital-de-inscricao-para-concurso-publico","status":"publish","type":"post","link":"https:\/\/radiostudiow.com.br\/site\/2023\/12\/08\/prefeitura-de-mallet-abre-edital-de-inscricao-para-concurso-publico\/","title":{"rendered":"PREFEITURA DE MALLET ABRE EDITAL DE INSCRI\u00c7\u00c3O PARA CONCURSO P\u00daBLICO"},"content":{"rendered":"\n<p><strong><em>As inscri\u00e7\u00f5es podem ser feitas at\u00e9 \u00e0s 23h59 do dia 28 de dezembro deste ano<\/em><\/strong><\/p>\n\n\n\n<figure class=\"wp-block-image size-full\"><img loading=\"lazy\" decoding=\"async\" width=\"598\" height=\"204\" src=\"https:\/\/radiostudiow.com.br\/site\/wp-content\/uploads\/2023\/12\/SITE-MEDIO4.png\" alt=\"\" class=\"wp-image-17598\" srcset=\"https:\/\/radiostudiow.com.br\/site\/wp-content\/uploads\/2023\/12\/SITE-MEDIO4.png 598w, https:\/\/radiostudiow.com.br\/site\/wp-content\/uploads\/2023\/12\/SITE-MEDIO4-300x102.png 300w\" sizes=\"auto, (max-width: 598px) 100vw, 598px\" \/><\/figure>\n\n\n\n<p>A Prefeitura de Mallet anunciou a abertura das inscri\u00e7\u00f5es para o Concurso P\u00fablico de provas e t\u00edtulos, o Concurso conta com uma variedade de cargos em diferentes \u00e1reas. As inscri\u00e7\u00f5es tiveram in\u00edcio na quinta-feira (07) e seguir\u00e3o at\u00e9 \u00e0s 23h59 do dia 28 de dezembro do mesmo ano.<\/p>\n\n\n\n<p><br><strong>Os cargos dispon\u00edveis para provimento s\u00e3o os seguintes: Agente Administrativo; Assistente Social; Auxiliar Administrativo; Auxiliar de Cl\u00ednica Dent\u00e1ria; Auxiliar de Servi\u00e7os Gerais; Contador; Dentista; Eletricista; Enfermeiro; Engenheiro Civil; Farmac\u00eautico; Fiscal; Fisioterapeuta; Fonoaudi\u00f3logo; Mec\u00e2nico; M\u00e9dico; Merendeira; Motorista; Nutricionista; Operador de M\u00e1quinas; Orientador Social; Pedreiro; Professor; Professor de Educa\u00e7\u00e3o F\u00edsica; Psic\u00f3logo; Servente; T\u00e9cnico em Enfermagem; T\u00e9cnico em Seguran\u00e7a do Trabalho; Veterin\u00e1rio e Zelador.<\/strong><\/p>\n\n\n\n<figure class=\"wp-block-image size-full\"><img loading=\"lazy\" decoding=\"async\" width=\"598\" height=\"204\" src=\"https:\/\/radiostudiow.com.br\/site\/wp-content\/uploads\/2023\/10\/SITE-MEDIO.png\" alt=\"\" class=\"wp-image-16319\" srcset=\"https:\/\/radiostudiow.com.br\/site\/wp-content\/uploads\/2023\/10\/SITE-MEDIO.png 598w, https:\/\/radiostudiow.com.br\/site\/wp-content\/uploads\/2023\/10\/SITE-MEDIO-300x102.png 300w\" sizes=\"auto, (max-width: 598px) 100vw, 598px\" \/><\/figure>\n\n\n\n<p>O processo seletivo ser\u00e1 conduzido pela Funda\u00e7\u00e3o de Apoio ao Desenvolvimento Cient\u00edfico e Tecnol\u00f3gico do Vale do Piquiri (FADCT), institui\u00e7\u00e3o especializada na realiza\u00e7\u00e3o de concursos p\u00fablicos.<br>As inscri\u00e7\u00f5es ser\u00e3o realizadas exclusivamente pela Internet, atrav\u00e9s do site:\u00a0<a href=\"https:\/\/fadct.selecao.net.br\/\">https:\/\/fadct.selecao.net.br<\/a>, durante o per\u00edodo compreendido entre as 09 horas do dia 07 de dezembro e 23 horas e 59 minutos do dia 28 de dezembro de 2023, considerando o hor\u00e1rio oficial de Bras\u00edlia\/DF.<\/p>\n\n\n\n<p>Para obter informa\u00e7\u00f5es detalhadas sobre os requisitos, etapas do concurso e demais orienta\u00e7\u00f5es, os interessados devem consultar o edital completo dispon\u00edvel no site oficial da Prefeitura Municipal de Mallet:\u00a0<a href=\"https:\/\/mallet.pr.gov.br\/concursoView\/?id=14\">https:\/\/mallet.pr.gov.br\/concursoView\/?id=14<\/a><\/p>\n","protected":false},"excerpt":{"rendered":"<p>As inscri\u00e7\u00f5es podem ser feitas at\u00e9 \u00e0s 23h59 do dia 28 de dezembro deste ano A Prefeitura de Mallet anunciou a abertura das inscri\u00e7\u00f5es para o Concurso P\u00fablico de provas e t\u00edtulos, o Concurso conta com uma variedade de cargos em diferentes \u00e1reas. As inscri\u00e7\u00f5es tiveram in\u00edcio na quinta-feira (07) e seguir\u00e3o at\u00e9 \u00e0s 23h59 [&hellip;]<\/p>\n","protected":false},"author":2,"featured_media":0,"comment_status":"open","ping_status":"open","sticky":false,"template":"","format":"standard","meta":{"footnotes":""},"categories":[184],"tags":[172],"class_list":["post-17700","post","type-post","status-publish","format-standard","hentry","category-local","tag-featured"],"amp_enabled":true,"_links":{"self":[{"href":"https:\/\/radiostudiow.com.br\/site\/wp-json\/wp\/v2\/posts\/17700","targetHints":{"allow":["GET"]}}],"collection":[{"href":"https:\/\/radiostudiow.com.br\/site\/wp-json\/wp\/v2\/posts"}],"about":[{"href":"https:\/\/radiostudiow.com.br\/site\/wp-json\/wp\/v2\/types\/post"}],"author":[{"embeddable":true,"href":"https:\/\/radiostudiow.com.br\/site\/wp-json\/wp\/v2\/users\/2"}],"replies":[{"embeddable":true,"href":"https:\/\/radiostudiow.com.br\/site\/wp-json\/wp\/v2\/comments?post=17700"}],"version-history":[{"count":1,"href":"https:\/\/radiostudiow.com.br\/site\/wp-json\/wp\/v2\/posts\/17700\/revisions"}],"predecessor-version":[{"id":17702,"href":"https:\/\/radiostudiow.com.br\/site\/wp-json\/wp\/v2\/posts\/17700\/revisions\/17702"}],"wp:attachment":[{"href":"https:\/\/radiostudiow.com.br\/site\/wp-json\/wp\/v2\/media?parent=17700"}],"wp:term":[{"taxonomy":"category","embeddable":true,"href":"https:\/\/radiostudiow.com.br\/site\/wp-json\/wp\/v2\/categories?post=17700"},{"taxonomy":"post_tag","embeddable":true,"href":"https:\/\/radiostudiow.com.br\/site\/wp-json\/wp\/v2\/tags?post=17700"}],"curies":[{"name":"wp","href":"https:\/\/api.w.org\/{rel}","templated":true}]}}