{"id":17703,"date":"2023-12-08T20:34:37","date_gmt":"2023-12-08T23:34:37","guid":{"rendered":"https:\/\/radiostudiow.com.br\/site\/?p=17703"},"modified":"2025-01-31T15:02:27","modified_gmt":"2025-01-31T18:02:27","slug":"veiculo-foge-apos-colidir-com-moto-em-sao-mateus-do-sul","status":"publish","type":"post","link":"https:\/\/radiostudiow.com.br\/site\/2023\/12\/08\/veiculo-foge-apos-colidir-com-moto-em-sao-mateus-do-sul\/","title":{"rendered":"VE\u00cdCULO FOGE AP\u00d3S COLIDIR COM MOTO EM S\u00c3O MATEUS DO SUL"},"content":{"rendered":"\n<p>Um acidente envolvendo uma motocicleta e um ve\u00edculo deixou um rapaz com ferimentos por volta das 08:20 horas da manh\u00e3 desta sexta-feira (07).<\/p>\n\n\n\n<figure class=\"wp-block-image size-full\"><img loading=\"lazy\" decoding=\"async\" width=\"300\" height=\"180\" src=\"https:\/\/radiostudiow.com.br\/site\/wp-content\/uploads\/2023\/10\/SITE-PEQUENO.png\" alt=\"\" class=\"wp-image-16508\"\/><\/figure>\n\n\n\n<p>Segundo informa\u00e7\u00f5es o entregador de g\u00e1s seguia pela rodovia pr\u00f3ximo a Antiga Ravato, quando um Fiat Palio vermelho colidiu contra o mesmo.<\/p>\n\n\n\n<p>Logo em seguida o ve\u00edculo fugiu do local. Equipes de socorro do Siate e do SAMU foram acionados.<\/p>\n\n\n\n<p>Imagens Neno fotos<\/p>\n","protected":false},"excerpt":{"rendered":"<p>Um acidente envolvendo uma motocicleta e um ve\u00edculo deixou um rapaz com ferimentos por volta das 08:20 horas da manh\u00e3 desta sexta-feira (07). Segundo informa\u00e7\u00f5es o entregador de g\u00e1s seguia pela rodovia pr\u00f3ximo a Antiga Ravato, quando um Fiat Palio vermelho colidiu contra o mesmo. Logo em seguida o ve\u00edculo fugiu do local. Equipes de [&hellip;]<\/p>\n","protected":false},"author":2,"featured_media":17704,"comment_status":"open","ping_status":"open","sticky":false,"template":"","format":"standard","meta":{"footnotes":""},"categories":[185],"tags":[172],"class_list":["post-17703","post","type-post","status-publish","format-standard","has-post-thumbnail","hentry","category-regional","tag-featured"],"amp_enabled":true,"_links":{"self":[{"href":"https:\/\/radiostudiow.com.br\/site\/wp-json\/wp\/v2\/posts\/17703","targetHints":{"allow":["GET"]}}],"collection":[{"href":"https:\/\/radiostudiow.com.br\/site\/wp-json\/wp\/v2\/posts"}],"about":[{"href":"https:\/\/radiostudiow.com.br\/site\/wp-json\/wp\/v2\/types\/post"}],"author":[{"embeddable":true,"href":"https:\/\/radiostudiow.com.br\/site\/wp-json\/wp\/v2\/users\/2"}],"replies":[{"embeddable":true,"href":"https:\/\/radiostudiow.com.br\/site\/wp-json\/wp\/v2\/comments?post=17703"}],"version-history":[{"count":2,"href":"https:\/\/radiostudiow.com.br\/site\/wp-json\/wp\/v2\/posts\/17703\/revisions"}],"predecessor-version":[{"id":17710,"href":"https:\/\/radiostudiow.com.br\/site\/wp-json\/wp\/v2\/posts\/17703\/revisions\/17710"}],"wp:featuredmedia":[{"embeddable":true,"href":"https:\/\/radiostudiow.com.br\/site\/wp-json\/wp\/v2\/media\/17704"}],"wp:attachment":[{"href":"https:\/\/radiostudiow.com.br\/site\/wp-json\/wp\/v2\/media?parent=17703"}],"wp:term":[{"taxonomy":"category","embeddable":true,"href":"https:\/\/radiostudiow.com.br\/site\/wp-json\/wp\/v2\/categories?post=17703"},{"taxonomy":"post_tag","embeddable":true,"href":"https:\/\/radiostudiow.com.br\/site\/wp-json\/wp\/v2\/tags?post=17703"}],"curies":[{"name":"wp","href":"https:\/\/api.w.org\/{rel}","templated":true}]}}