{"id":17718,"date":"2023-12-09T10:50:57","date_gmt":"2023-12-09T13:50:57","guid":{"rendered":"https:\/\/radiostudiow.com.br\/site\/?p=17718"},"modified":"2025-01-31T15:02:27","modified_gmt":"2025-01-31T18:02:27","slug":"homem-procura-pm-de-paulo-frontin-apos-furto-em-sua-residencia","status":"publish","type":"post","link":"https:\/\/radiostudiow.com.br\/site\/2023\/12\/09\/homem-procura-pm-de-paulo-frontin-apos-furto-em-sua-residencia\/","title":{"rendered":"HOMEM PROCURA PM DE PAULO FRONTIN AP\u00d3S FURTO EM SUA RESID\u00caNCIA"},"content":{"rendered":"\n<p>Um homem compareceu ao Pelot\u00e3o da Pol\u00edcia Militar de Paulo Frontin por volta das 20:50 horas dessa sexta-feira, 08 de dezembro, relatando uma situa\u00e7\u00e3o de furto.<\/p>\n\n\n\n<figure class=\"wp-block-image size-full\"><img loading=\"lazy\" decoding=\"async\" width=\"897\" height=\"204\" src=\"https:\/\/radiostudiow.com.br\/site\/wp-content\/uploads\/2023\/10\/SITE-GRANDE.png\" alt=\"\" class=\"wp-image-16338\" srcset=\"https:\/\/radiostudiow.com.br\/site\/wp-content\/uploads\/2023\/10\/SITE-GRANDE.png 897w, https:\/\/radiostudiow.com.br\/site\/wp-content\/uploads\/2023\/10\/SITE-GRANDE-300x68.png 300w, https:\/\/radiostudiow.com.br\/site\/wp-content\/uploads\/2023\/10\/SITE-GRANDE-768x175.png 768w\" sizes=\"auto, (max-width: 897px) 100vw, 897px\" \/><\/figure>\n\n\n\n<p>De acordo com o solicitante, por volta das 10 horas da manh\u00e3 dessa segunda-feira, 04 de dezembro, ele percebeu a falta de sua carabina\/fuzil marca Companhia, calibre 22 Long Rifle, em sua resid\u00eancia.<\/p>\n\n\n\n<p>O solicitante informa que n\u00e3o notou a aus\u00eancia de outros objetos na resid\u00eancia, e identificou sinais de arrombamento, constatando apenas o desaparecimento da carabina.<\/p>\n\n\n\n<p>Diante da situa\u00e7\u00e3o a equipe orientou a v\u00edtima quanto aos procedimentos cab\u00edveis.<\/p>\n","protected":false},"excerpt":{"rendered":"<p>Um homem compareceu ao Pelot\u00e3o da Pol\u00edcia Militar de Paulo Frontin por volta das 20:50 horas dessa sexta-feira, 08 de dezembro, relatando uma situa\u00e7\u00e3o de furto. De acordo com o solicitante, por volta das 10 horas da manh\u00e3 dessa segunda-feira, 04 de dezembro, ele percebeu a falta de sua carabina\/fuzil marca Companhia, calibre 22 Long [&hellip;]<\/p>\n","protected":false},"author":2,"featured_media":10652,"comment_status":"open","ping_status":"open","sticky":false,"template":"","format":"standard","meta":{"footnotes":""},"categories":[2],"tags":[172],"class_list":["post-17718","post","type-post","status-publish","format-standard","has-post-thumbnail","hentry","category-policial","tag-featured"],"amp_enabled":true,"_links":{"self":[{"href":"https:\/\/radiostudiow.com.br\/site\/wp-json\/wp\/v2\/posts\/17718","targetHints":{"allow":["GET"]}}],"collection":[{"href":"https:\/\/radiostudiow.com.br\/site\/wp-json\/wp\/v2\/posts"}],"about":[{"href":"https:\/\/radiostudiow.com.br\/site\/wp-json\/wp\/v2\/types\/post"}],"author":[{"embeddable":true,"href":"https:\/\/radiostudiow.com.br\/site\/wp-json\/wp\/v2\/users\/2"}],"replies":[{"embeddable":true,"href":"https:\/\/radiostudiow.com.br\/site\/wp-json\/wp\/v2\/comments?post=17718"}],"version-history":[{"count":3,"href":"https:\/\/radiostudiow.com.br\/site\/wp-json\/wp\/v2\/posts\/17718\/revisions"}],"predecessor-version":[{"id":17721,"href":"https:\/\/radiostudiow.com.br\/site\/wp-json\/wp\/v2\/posts\/17718\/revisions\/17721"}],"wp:featuredmedia":[{"embeddable":true,"href":"https:\/\/radiostudiow.com.br\/site\/wp-json\/wp\/v2\/media\/10652"}],"wp:attachment":[{"href":"https:\/\/radiostudiow.com.br\/site\/wp-json\/wp\/v2\/media?parent=17718"}],"wp:term":[{"taxonomy":"category","embeddable":true,"href":"https:\/\/radiostudiow.com.br\/site\/wp-json\/wp\/v2\/categories?post=17718"},{"taxonomy":"post_tag","embeddable":true,"href":"https:\/\/radiostudiow.com.br\/site\/wp-json\/wp\/v2\/tags?post=17718"}],"curies":[{"name":"wp","href":"https:\/\/api.w.org\/{rel}","templated":true}]}}