{"id":17731,"date":"2023-12-11T10:59:23","date_gmt":"2023-12-11T13:59:23","guid":{"rendered":"https:\/\/radiostudiow.com.br\/site\/?p=17731"},"modified":"2025-01-31T15:02:27","modified_gmt":"2025-01-31T18:02:27","slug":"pm-de-paulo-frontin-registra-caso-de-violencia-domestica","status":"publish","type":"post","link":"https:\/\/radiostudiow.com.br\/site\/2023\/12\/11\/pm-de-paulo-frontin-registra-caso-de-violencia-domestica\/","title":{"rendered":"PM DE PAULO FRONTIN REGISTRA CASO DE VIOL\u00caNCIA DOM\u00c9STICA"},"content":{"rendered":"\n<p>A equipe da Pol\u00edcia Militar de Paulo Frontin foi acionada para atender uma situa\u00e7\u00e3o de Viol\u00eancia Dom\u00e9stica por volta das 16:30 horas desse s\u00e1bado, 09 de dezembro, onde a solicitante afirmou que o marido estava agredindo sua convivente.<\/p>\n\n\n\n<figure class=\"wp-block-image size-full\"><img loading=\"lazy\" decoding=\"async\" width=\"897\" height=\"204\" src=\"https:\/\/radiostudiow.com.br\/site\/wp-content\/uploads\/2023\/10\/SITE-GRANDE.png\" alt=\"\" class=\"wp-image-16338\" srcset=\"https:\/\/radiostudiow.com.br\/site\/wp-content\/uploads\/2023\/10\/SITE-GRANDE.png 897w, https:\/\/radiostudiow.com.br\/site\/wp-content\/uploads\/2023\/10\/SITE-GRANDE-300x68.png 300w, https:\/\/radiostudiow.com.br\/site\/wp-content\/uploads\/2023\/10\/SITE-GRANDE-768x175.png 768w\" sizes=\"auto, (max-width: 897px) 100vw, 897px\" \/><\/figure>\n\n\n\n<p>Os policiais se deslocaram at\u00e9 o local, onde a v\u00edtima relatou ter sido empurrada contra uma televis\u00e3o, no entanto, n\u00e3o foi constatada nenhuma les\u00e3o aparente na v\u00edtima.<\/p>\n\n\n\n<p>Diante dos fatos, a equipe orientou a mulher sobre a possibilidade de representa\u00e7\u00e3o na lei Maria da Penha. No entanto, v\u00edtima decidiu por n\u00e3o representar, sendo-lhe informado sobre o direito de faze-lo no per\u00edodo de at\u00e9 6 meses, a conta da data de confeccionar o Boletim de Ocorr\u00eancia.<\/p>\n","protected":false},"excerpt":{"rendered":"<p>A equipe da Pol\u00edcia Militar de Paulo Frontin foi acionada para atender uma situa\u00e7\u00e3o de Viol\u00eancia Dom\u00e9stica por volta das 16:30 horas desse s\u00e1bado, 09 de dezembro, onde a solicitante afirmou que o marido estava agredindo sua convivente. Os policiais se deslocaram at\u00e9 o local, onde a v\u00edtima relatou ter sido empurrada contra uma televis\u00e3o, [&hellip;]<\/p>\n","protected":false},"author":2,"featured_media":11623,"comment_status":"open","ping_status":"open","sticky":false,"template":"","format":"standard","meta":{"footnotes":""},"categories":[2],"tags":[172],"class_list":["post-17731","post","type-post","status-publish","format-standard","has-post-thumbnail","hentry","category-policial","tag-featured"],"amp_enabled":true,"_links":{"self":[{"href":"https:\/\/radiostudiow.com.br\/site\/wp-json\/wp\/v2\/posts\/17731","targetHints":{"allow":["GET"]}}],"collection":[{"href":"https:\/\/radiostudiow.com.br\/site\/wp-json\/wp\/v2\/posts"}],"about":[{"href":"https:\/\/radiostudiow.com.br\/site\/wp-json\/wp\/v2\/types\/post"}],"author":[{"embeddable":true,"href":"https:\/\/radiostudiow.com.br\/site\/wp-json\/wp\/v2\/users\/2"}],"replies":[{"embeddable":true,"href":"https:\/\/radiostudiow.com.br\/site\/wp-json\/wp\/v2\/comments?post=17731"}],"version-history":[{"count":1,"href":"https:\/\/radiostudiow.com.br\/site\/wp-json\/wp\/v2\/posts\/17731\/revisions"}],"predecessor-version":[{"id":17732,"href":"https:\/\/radiostudiow.com.br\/site\/wp-json\/wp\/v2\/posts\/17731\/revisions\/17732"}],"wp:featuredmedia":[{"embeddable":true,"href":"https:\/\/radiostudiow.com.br\/site\/wp-json\/wp\/v2\/media\/11623"}],"wp:attachment":[{"href":"https:\/\/radiostudiow.com.br\/site\/wp-json\/wp\/v2\/media?parent=17731"}],"wp:term":[{"taxonomy":"category","embeddable":true,"href":"https:\/\/radiostudiow.com.br\/site\/wp-json\/wp\/v2\/categories?post=17731"},{"taxonomy":"post_tag","embeddable":true,"href":"https:\/\/radiostudiow.com.br\/site\/wp-json\/wp\/v2\/tags?post=17731"}],"curies":[{"name":"wp","href":"https:\/\/api.w.org\/{rel}","templated":true}]}}