{"id":17733,"date":"2023-12-11T12:02:57","date_gmt":"2023-12-11T15:02:57","guid":{"rendered":"https:\/\/radiostudiow.com.br\/site\/?p=17733"},"modified":"2025-01-31T15:02:27","modified_gmt":"2025-01-31T18:02:27","slug":"enquete-sobre-habitacao-em-mallet-gera-discussao","status":"publish","type":"post","link":"https:\/\/radiostudiow.com.br\/site\/2023\/12\/11\/enquete-sobre-habitacao-em-mallet-gera-discussao\/","title":{"rendered":"ENQUETE SOBRE HABITA\u00c7\u00c3O EM MALLET GERA DISCUSS\u00c3O"},"content":{"rendered":"\n<h2 class=\"wp-block-heading\"><em>\u00c1lvaro Val\u00e9rio, rebateu informa\u00e7\u00f5es falsas postadas na p\u00e1gina do Facebook da C\u00e2mara de Vereadores de Mallet em enquete \u00e0 popula\u00e7\u00e3o malletense sobre doa\u00e7\u00e3o de terreno.<\/em><\/h2>\n\n\n\n<figure class=\"wp-block-image size-large\"><img decoding=\"async\" src=\"https:\/\/radiostudiow.com.br\/site\/wp-content\/uploads\/2023\/12\/image-41-1024x390.png\" alt=\"\" class=\"wp-image-17744\"\/><\/figure>\n\n\n\n<p>No s\u00e1bado dia 09 de dezembro, durante o programa do Prefeito Moacir e Vice Prefeito Chico, na R\u00e1dio Clube de Mallet, exibido Ao Vivo no hor\u00e1rio do meio dia, o Diretor Comercial \u00c1lvaro Val\u00e9rio da empresa Itagiba, que presta servi\u00e7os de habita\u00e7\u00e3o para a Caixa Econ\u00f4mica Federal, contestou a enquete realizada pela p\u00e1gina oficial do Facebook da C\u00e2mara de Vereadores de Mallet.<\/p>\n\n\n\n<p>Segundo \u00c1lvaro, nesta enquete demonstra algumas informa\u00e7\u00f5es falsas sobre o projeto de moradia onde centenas de fam\u00edlias malletenses, esperam a oportunidade de realizar o sonho da casa pr\u00f3pria.<\/p>\n\n\n\n<p>De acordo com a entrevista o contexto de que o terreno que est\u00e1 situado na Rua XV de Novembro, seria para doa\u00e7\u00e3o \u00e0 Caixa Econ\u00f4mica Federal, bem como a metragem da casa e a quest\u00e3o de parcelas e um valor de R$ 15 mil reais de entrada s\u00e3o de forma enganadora e acabaram confundindo a popula\u00e7\u00e3o. Sem contar ainda, tr\u00e1s a informa\u00e7\u00e3o falsa que o terreno seria onde atualmente est\u00e1 localizado o est\u00e1dio municipal de Mallet.<\/p>\n\n\n\n<blockquote class=\"wp-block-quote is-layout-flow wp-block-quote-is-layout-flow\">\n<p>\u201cN\u00e3o sei da onde tiraram esse valor, essas informa\u00e7\u00f5es. Eu achei que n\u00e3o est\u00e1vamos falando do mesmo projeto\u201d, destacou o Diretor Comercial.<\/p>\n<\/blockquote>\n\n\n\n<figure class=\"wp-block-image size-large is-resized\"><img loading=\"lazy\" decoding=\"async\" width=\"1024\" height=\"660\" src=\"https:\/\/radiostudiow.com.br\/site\/wp-content\/uploads\/2023\/12\/image-34-1024x660.png\" alt=\"\" class=\"wp-image-17735\" style=\"width:485px;height:auto\" srcset=\"https:\/\/radiostudiow.com.br\/site\/wp-content\/uploads\/2023\/12\/image-34-1024x660.png 1024w, https:\/\/radiostudiow.com.br\/site\/wp-content\/uploads\/2023\/12\/image-34-300x193.png 300w, https:\/\/radiostudiow.com.br\/site\/wp-content\/uploads\/2023\/12\/image-34-768x495.png 768w, https:\/\/radiostudiow.com.br\/site\/wp-content\/uploads\/2023\/12\/image-34.png 1170w\" sizes=\"auto, (max-width: 1024px) 100vw, 1024px\" \/><\/figure>\n\n\n\n<p>Para \u00c1lvaro, o Projeto de Lei n\u00e3o tem nada de extraordin\u00e1rio, \u00e9 o mesmo que diversos munic\u00edpios de todo o Brasil vem realizando, possibilitando habita\u00e7\u00e3o para dezenas se fam\u00edlias do munic\u00edpio.<br>O munic\u00edpio, se os vereadores autorizarem vai doar DIRETAMENTE para as fam\u00edlias beneficiadas o terreno, j\u00e1 com matr\u00edcula e averba\u00e7\u00e3o da casa.<\/p>\n\n\n\n<p>Assim, cabe aos vereadores malletenses a aprova\u00e7\u00e3o desse projeto para que possa ser incluso nos programas habitacionais \u201cMinha Casa Minha Vida\u201d e tamb\u00e9m no \u201cCasa F\u00e1cil Paran\u00e1\u201d.<\/p>\n\n\n\n<blockquote class=\"wp-block-quote is-layout-flow wp-block-quote-is-layout-flow\">\n<p>\u201cO Projeto de Lei \u00e9 bem simples, como uma receita de bolo e sinceramente, pra n\u00f3s, os vereadores que votarem contra a habita\u00e7\u00e3o no munic\u00edpio, ser\u00e1 um fato in\u00e9dito no n\u00edvel de Paran\u00e1 e Santa Catarina e esse caso \u00e9 a primeira vez que estamos vendo\u201d, destacou \u00c1lvaro Val\u00e9rio no Programa da Prefeitura Municipal.<\/p>\n<\/blockquote>\n\n\n\n<p><strong>Ou\u00e7a na integra a entrevista e a explica\u00e7\u00e3o de \u00c1lvaro Val\u00e9rio ao Programa de s\u00e1bado na R\u00e1dio Clube de Mallet.<\/strong><\/p>\n\n\n\n<figure class=\"wp-block-embed is-type-video is-provider-youtube wp-block-embed-youtube wp-embed-aspect-16-9 wp-has-aspect-ratio\"><div class=\"wp-block-embed__wrapper\">\n<iframe loading=\"lazy\" title=\"ENQUETE SOBRE HABITA\u00c7\u00c3O EM MALLET GERA DISCUSS\u00c3O\" width=\"740\" height=\"416\" src=\"https:\/\/www.youtube.com\/embed\/zGwrEevQVQ0?feature=oembed\" frameborder=\"0\" allow=\"accelerometer; autoplay; clipboard-write; encrypted-media; gyroscope; picture-in-picture; web-share\" allowfullscreen><\/iframe>\n<\/div><\/figure>\n\n\n\n<p><strong>Fotos de casas e depoimentos de fam\u00edlias contempladas do mesmo programa em outras cidade:<\/strong><\/p>\n\n\n\n<figure class=\"wp-block-video\"><video controls src=\"https:\/\/radiostudiow.com.br\/site\/wp-content\/uploads\/2023\/12\/VID-20231211-WA0024-1.mp4\"><\/video><\/figure>\n\n\n\n<figure class=\"wp-block-video\"><video controls src=\"https:\/\/radiostudiow.com.br\/site\/wp-content\/uploads\/2023\/12\/VID-20231211-WA0023-1.mp4\"><\/video><\/figure>\n\n\n\n<figure class=\"wp-block-image size-full\"><img loading=\"lazy\" decoding=\"async\" width=\"1024\" height=\"768\" src=\"https:\/\/radiostudiow.com.br\/site\/wp-content\/uploads\/2023\/12\/image-36.png\" alt=\"\" class=\"wp-image-17736\" srcset=\"https:\/\/radiostudiow.com.br\/site\/wp-content\/uploads\/2023\/12\/image-36.png 1024w, https:\/\/radiostudiow.com.br\/site\/wp-content\/uploads\/2023\/12\/image-36-300x225.png 300w, https:\/\/radiostudiow.com.br\/site\/wp-content\/uploads\/2023\/12\/image-36-768x576.png 768w\" sizes=\"auto, (max-width: 1024px) 100vw, 1024px\" \/><\/figure>\n\n\n\n<figure class=\"wp-block-image size-full\"><img decoding=\"async\" src=\"https:\/\/radiostudiow.com.br\/site\/wp-content\/uploads\/2023\/12\/image-37.png\" alt=\"\" class=\"wp-image-17737\"\/><\/figure>\n\n\n\n<figure class=\"wp-block-image size-full\"><img decoding=\"async\" src=\"https:\/\/radiostudiow.com.br\/site\/wp-content\/uploads\/2023\/12\/image-39.png\" alt=\"\" class=\"wp-image-17738\"\/><\/figure>\n\n\n","protected":false},"excerpt":{"rendered":"<p>\u00c1lvaro Val\u00e9rio, rebateu informa\u00e7\u00f5es falsas postadas na p\u00e1gina do Facebook da C\u00e2mara de Vereadores de Mallet em enquete \u00e0 popula\u00e7\u00e3o malletense sobre doa\u00e7\u00e3o de terreno. No s\u00e1bado dia 09 de dezembro, durante o programa do Prefeito Moacir e Vice Prefeito Chico, na R\u00e1dio Clube de Mallet, exibido Ao Vivo no hor\u00e1rio do meio dia, o [&hellip;]<\/p>\n","protected":false},"author":2,"featured_media":17755,"comment_status":"open","ping_status":"open","sticky":false,"template":"","format":"standard","meta":{"footnotes":""},"categories":[184],"tags":[172],"class_list":["post-17733","post","type-post","status-publish","format-standard","has-post-thumbnail","hentry","category-local","tag-featured"],"amp_enabled":true,"_links":{"self":[{"href":"https:\/\/radiostudiow.com.br\/site\/wp-json\/wp\/v2\/posts\/17733","targetHints":{"allow":["GET"]}}],"collection":[{"href":"https:\/\/radiostudiow.com.br\/site\/wp-json\/wp\/v2\/posts"}],"about":[{"href":"https:\/\/radiostudiow.com.br\/site\/wp-json\/wp\/v2\/types\/post"}],"author":[{"embeddable":true,"href":"https:\/\/radiostudiow.com.br\/site\/wp-json\/wp\/v2\/users\/2"}],"replies":[{"embeddable":true,"href":"https:\/\/radiostudiow.com.br\/site\/wp-json\/wp\/v2\/comments?post=17733"}],"version-history":[{"count":7,"href":"https:\/\/radiostudiow.com.br\/site\/wp-json\/wp\/v2\/posts\/17733\/revisions"}],"predecessor-version":[{"id":17762,"href":"https:\/\/radiostudiow.com.br\/site\/wp-json\/wp\/v2\/posts\/17733\/revisions\/17762"}],"wp:featuredmedia":[{"embeddable":true,"href":"https:\/\/radiostudiow.com.br\/site\/wp-json\/wp\/v2\/media\/17755"}],"wp:attachment":[{"href":"https:\/\/radiostudiow.com.br\/site\/wp-json\/wp\/v2\/media?parent=17733"}],"wp:term":[{"taxonomy":"category","embeddable":true,"href":"https:\/\/radiostudiow.com.br\/site\/wp-json\/wp\/v2\/categories?post=17733"},{"taxonomy":"post_tag","embeddable":true,"href":"https:\/\/radiostudiow.com.br\/site\/wp-json\/wp\/v2\/tags?post=17733"}],"curies":[{"name":"wp","href":"https:\/\/api.w.org\/{rel}","templated":true}]}}